{"id":97393,"date":"2025-01-16T08:08:19","date_gmt":"2025-01-16T11:08:19","guid":{"rendered":"https:\/\/tvc16.com\/portal\/?p=97393"},"modified":"2025-01-16T08:08:23","modified_gmt":"2025-01-16T11:08:23","slug":"praias-e-natureza-sao-as-atracoes-preferidas-de-turistas-brasileiros","status":"publish","type":"post","link":"https:\/\/tvc16.com\/portal\/2025\/01\/16\/praias-e-natureza-sao-as-atracoes-preferidas-de-turistas-brasileiros\/","title":{"rendered":"Praias e natureza s\u00e3o as atra\u00e7\u00f5es preferidas de turistas brasileiros"},"content":{"rendered":"\n<p><em>Pesquisa revela tamb\u00e9m gosto da popula\u00e7\u00e3o por programas culturais<\/em><\/p>\n\n\n\n<p>Por Bruno Bocchini \u2013 Rep\u00f3rter da Ag\u00eancia Brasil \/ Foto: Diego Bachiega\/Prefeitura de Bertioga<\/p>\n\n\n\n<p><\/p>\n\n\n\n<p>Pesquisa do Minist\u00e9rio do Turismo e da Nexus Pesquisa e Intelig\u00eancia de Dados mostra que a atra\u00e7\u00e3o tur\u00edstica preferida do brasileiro \u00e9 a praia, primeira op\u00e7\u00e3o para viagens de 35% da popula\u00e7\u00e3o. Natureza e ecoturismo aparecem em segundo lugar, com 16% e, em seguida, atra\u00e7\u00f5es culturais ou hist\u00f3ricas, com 7%, e atividades que envolvem sa\u00fade e bem-estar, tamb\u00e9m com 7%.<img decoding=\"async\" src=\"https:\/\/agenciabrasil.ebc.com.br\/ebc.png?id=1626919&amp;o=node\"><img decoding=\"async\" src=\"https:\/\/agenciabrasil.ebc.com.br\/ebc.gif?id=1626919&amp;o=node\"><\/p>\n\n\n\n<p>O levantamento Tend\u00eancias de Turismo Ver\u00e3o 2025, divulgado nesta quarta-feira (15), ouviu 5.542 pessoas, no pa\u00eds todo, de 14 a 28 de outubro de 2024. A pesquisa foi realizada a pedido da Secretaria de Comunica\u00e7\u00e3o da Presid\u00eancia da Rep\u00fablica.<\/p>\n\n\n\n<p>Os resultados mostram que belezas naturais, pre\u00e7o baixo e a possibilidade de reencontrar parentes e amigos s\u00e3o os principais fatores na hora de decidir o destino. Os atrativos naturais est\u00e3o em primeiro lugar para 23% dos entrevistados, seguido pelos custos baixos, com 16%, e a possibilidade de reencontro com familiares e amigos, com 12%.<\/p>\n\n\n\n<p>Quanto \u00e0s fontes de informa\u00e7\u00e3o na hora de escolher o destino, quase metade (47%) dos entrevistados disse recorrer \u00e0s redes sociais, como Instagram, Facebook, TikTok e X. Em segundo lugar, vem a opini\u00e3o de amigos e familiares (37%), seguida por&nbsp;<em>sites<\/em>&nbsp;e&nbsp;<em>blogs<\/em>&nbsp;de turismo (22%). Ag\u00eancias de viagens e operadores tur\u00edsticos foram citados por 18% e canais&nbsp;<em>online<\/em>&nbsp;de v\u00eddeos, por 17%.<\/p>\n\n\n\n<p>Segundo a pesquisa, a maioria (61%) dos brasileiros faz, pelo menos, uma viagem de lazer por ano, sendo que 33% desse grupo viajam apenas uma vez; 22%, de duas a tr\u00eas vezes; e 6%, quatro vezes ou mais. O levantamento mostrou ainda que 63% dos entrevistados escolheriam um destino nacional caso ganhassem um pr\u00eamio para fazer uma viagem.<\/p>\n\n\n\n<p>\u201cA pesquisa demonstra a for\u00e7a do turismo brasileiro. Ainda que viagens internacionais sejam em geral mais caras, se ganhasse uma viagem com custos pagos, o brasileiro optaria por um destino nacional. A grande diversidade de belezas naturais, assim como nosso patrim\u00f4nio hist\u00f3rico evidencia nosso potencial como destino tur\u00edstico e a import\u00e2ncia da preserva\u00e7\u00e3o\u201d, destacou o ministro do Turismo, Celso Sabino.<br><\/p>\n","protected":false},"excerpt":{"rendered":"<p>Pesquisa revela tamb\u00e9m gosto da popula\u00e7\u00e3o por programas culturais Por Bruno Bocchini \u2013 Rep\u00f3rter da<\/p>\n","protected":false},"author":2,"featured_media":97394,"comment_status":"open","ping_status":"open","sticky":false,"template":"","format":"standard","meta":{"footnotes":""},"categories":[17],"tags":[],"class_list":["post-97393","post","type-post","status-publish","format-standard","has-post-thumbnail","hentry","category-outras-noticias"],"_links":{"self":[{"href":"https:\/\/tvc16.com\/portal\/wp-json\/wp\/v2\/posts\/97393","targetHints":{"allow":["GET"]}}],"collection":[{"href":"https:\/\/tvc16.com\/portal\/wp-json\/wp\/v2\/posts"}],"about":[{"href":"https:\/\/tvc16.com\/portal\/wp-json\/wp\/v2\/types\/post"}],"author":[{"embeddable":true,"href":"https:\/\/tvc16.com\/portal\/wp-json\/wp\/v2\/users\/2"}],"replies":[{"embeddable":true,"href":"https:\/\/tvc16.com\/portal\/wp-json\/wp\/v2\/comments?post=97393"}],"version-history":[{"count":1,"href":"https:\/\/tvc16.com\/portal\/wp-json\/wp\/v2\/posts\/97393\/revisions"}],"predecessor-version":[{"id":97395,"href":"https:\/\/tvc16.com\/portal\/wp-json\/wp\/v2\/posts\/97393\/revisions\/97395"}],"wp:featuredmedia":[{"embeddable":true,"href":"https:\/\/tvc16.com\/portal\/wp-json\/wp\/v2\/media\/97394"}],"wp:attachment":[{"href":"https:\/\/tvc16.com\/portal\/wp-json\/wp\/v2\/media?parent=97393"}],"wp:term":[{"taxonomy":"category","embeddable":true,"href":"https:\/\/tvc16.com\/portal\/wp-json\/wp\/v2\/categories?post=97393"},{"taxonomy":"post_tag","embeddable":true,"href":"https:\/\/tvc16.com\/portal\/wp-json\/wp\/v2\/tags?post=97393"}],"curies":[{"name":"wp","href":"https:\/\/api.w.org\/{rel}","templated":true}]}}