{"id":97402,"date":"2025-01-16T08:20:19","date_gmt":"2025-01-16T11:20:19","guid":{"rendered":"https:\/\/tvc16.com\/portal\/?p=97402"},"modified":"2025-01-16T08:22:19","modified_gmt":"2025-01-16T11:22:19","slug":"diocese-de-petropolis-lanca-concurso-de-fotografia-fraternidade-e-ecologia-integral","status":"publish","type":"post","link":"https:\/\/tvc16.com\/portal\/2025\/01\/16\/diocese-de-petropolis-lanca-concurso-de-fotografia-fraternidade-e-ecologia-integral\/","title":{"rendered":"Diocese de Petr\u00f3polis lan\u00e7a concurso de fotografia &#8220;Fraternidade e Ecologia Integral&#8221;"},"content":{"rendered":"\n<p>A Diocese de Petr\u00f3polis anunciou o lan\u00e7amento do concurso de fotografia intitulado &#8220;Fraternidade e Ecologia Integral&#8221;, mesmo tema da Campanha da Fraternidade deste ano, que tem como lema&nbsp;\u201cDeus viu que tudo era bom\u201d (Gn 1,31). A finalidade do concurso \u00e9 selecionar e premiar fotografias com o objetivo de fomentar e valorizar a produ\u00e7\u00e3o fotogr\u00e1fica, despertando a consci\u00eancia para o cuidado com a Ecologia Integral, assim como os valores crist\u00e3os, em conformidade com a Enc\u00edclica&nbsp;<em>Laudato Si&#8217;<\/em>&nbsp;do Papa Francisco.<\/p>\n\n\n\n<p>O concurso tem como objetivo principal incentivar a produ\u00e7\u00e3o de imagens que retratem a rela\u00e7\u00e3o entre fraternidade e ecologia integral. Os participantes s\u00e3o convidados a capturar momentos desta Ecologia Integral em todos os seus aspectos, como a&nbsp;beleza do meio ambiente, as&nbsp;condi\u00e7\u00f5es e desafios graves, tais como encostas, moradias em \u00e1reas de risco, o descarte de lixo nos rios, circuitos ecorrurais, trilhas, cachoeiras, parques municipais e nacional, entre outros.<\/p>\n\n\n\n<p>O concurso est\u00e1 aberto a fot\u00f3grafos amadores e profissionais, independentemente da idade, residentes na \u00e1rea da Diocese de Petr\u00f3polis, formada pelos munic\u00edpios: Petr\u00f3polis, Teres\u00f3polis, Areal, S\u00e3o Jos\u00e9 do Vale do Rio Preto, Mag\u00e9, Guapimirim e os distritos de Bemposta (Tr\u00eas Rios) e Sebollas (Para\u00edba do Sul). N\u00e3o h\u00e1 restri\u00e7\u00f5es quanto ao equipamento utilizado, permitindo o uso de c\u00e2meras profissionais, smartphones ou outros dispositivos capazes de capturar imagens de qualidade.<\/p>\n\n\n\n<p>Um j\u00fari composto por profissionais da fotografia, representantes da Diocese e especialistas em meio ambiente ser\u00e1 respons\u00e1vel pela avalia\u00e7\u00e3o das obras. Os crit\u00e9rios de sele\u00e7\u00e3o incluir\u00e3o:&nbsp;T\u00e9cnica, Beleza, Composi\u00e7\u00e3o, Forma, Originalidade, Unidade de Conjunto e Capacidade de comunicar o tema sem aux\u00edlio de texto.<\/p>\n\n\n\n<p>Ser\u00e3o premiadas as tr\u00eas melhores fotografias, com os seguintes pr\u00eamios:1\u00ba lugar: Um Telesc\u00f3pio Astron\u00f4mico 70 mm; 2\u00ba lugar: Um Bin\u00f3culo Profissional Longo Alcance 20 x 50 mm; 3\u00ba lugar: Um Trip\u00e9, C\u00e2mera \/ Celular, profissional (1,80 mts). Todas as fotos, ap\u00f3s a entrega da premia\u00e7\u00e3o, ser\u00e3o publicadas no site da Diocese de Petr\u00f3polis para que fiquem em exposi\u00e7\u00e3o on-line.<\/p>\n\n\n\n<p>O concurso &#8220;Fraternidade e Ecologia Integral&#8221; representa uma oportunidade \u00fanica para os fot\u00f3grafos da regi\u00e3o da Diocese de Petr\u00f3polis expressarem sua criatividade e contribu\u00edrem para a conscientiza\u00e7\u00e3o ambiental atrav\u00e9s da arte. A Diocese de Petr\u00f3polis espera que esta iniciativa inspire a comunidade a refletir sobre a import\u00e2ncia de cuidar da &#8220;nossa casa comum&#8221;, como enfatizado pelo Papa Francisco.<\/p>\n\n\n\n<p>Para mais informa\u00e7\u00f5es e para realizar as inscri\u00e7\u00f5es, os interessados devem acessar o site oficial da Diocese de Petr\u00f3polis \u2013&nbsp;www.diocesepetropolis.com.br.<\/p>\n\n\n\n<p>Os interessados dever\u00e3o preencher um formul\u00e1rio com seus dados pessoais e enviar at\u00e9 duas fotografias originais e in\u00e9ditas, acompanhadas de um t\u00edtulo e uma breve descri\u00e7\u00e3o de cada imagem.<\/p>\n\n\n\n<p>Cronograma<\/p>\n\n\n\n<ul class=\"wp-block-list\">\n<li>In\u00edcio das inscri\u00e7\u00f5es: 20 de janeiro de 2025<\/li>\n\n\n\n<li>Encerramento das inscri\u00e7\u00f5es: 20 de fevereiro de 2025<\/li>\n\n\n\n<li>An\u00fancio dos vencedores: 6 de mar\u00e7o de 2025<\/li>\n\n\n\n<li>Entrega dos pr\u00eamios: 10 de mar\u00e7o de 2025<\/li>\n<\/ul>\n","protected":false},"excerpt":{"rendered":"<p>A Diocese de Petr\u00f3polis anunciou o lan\u00e7amento do concurso de fotografia intitulado &#8220;Fraternidade e Ecologia<\/p>\n","protected":false},"author":2,"featured_media":97403,"comment_status":"open","ping_status":"open","sticky":false,"template":"","format":"standard","meta":{"footnotes":""},"categories":[12],"tags":[],"class_list":["post-97402","post","type-post","status-publish","format-standard","has-post-thumbnail","hentry","category-cidade"],"_links":{"self":[{"href":"https:\/\/tvc16.com\/portal\/wp-json\/wp\/v2\/posts\/97402","targetHints":{"allow":["GET"]}}],"collection":[{"href":"https:\/\/tvc16.com\/portal\/wp-json\/wp\/v2\/posts"}],"about":[{"href":"https:\/\/tvc16.com\/portal\/wp-json\/wp\/v2\/types\/post"}],"author":[{"embeddable":true,"href":"https:\/\/tvc16.com\/portal\/wp-json\/wp\/v2\/users\/2"}],"replies":[{"embeddable":true,"href":"https:\/\/tvc16.com\/portal\/wp-json\/wp\/v2\/comments?post=97402"}],"version-history":[{"count":1,"href":"https:\/\/tvc16.com\/portal\/wp-json\/wp\/v2\/posts\/97402\/revisions"}],"predecessor-version":[{"id":97404,"href":"https:\/\/tvc16.com\/portal\/wp-json\/wp\/v2\/posts\/97402\/revisions\/97404"}],"wp:featuredmedia":[{"embeddable":true,"href":"https:\/\/tvc16.com\/portal\/wp-json\/wp\/v2\/media\/97403"}],"wp:attachment":[{"href":"https:\/\/tvc16.com\/portal\/wp-json\/wp\/v2\/media?parent=97402"}],"wp:term":[{"taxonomy":"category","embeddable":true,"href":"https:\/\/tvc16.com\/portal\/wp-json\/wp\/v2\/categories?post=97402"},{"taxonomy":"post_tag","embeddable":true,"href":"https:\/\/tvc16.com\/portal\/wp-json\/wp\/v2\/tags?post=97402"}],"curies":[{"name":"wp","href":"https:\/\/api.w.org\/{rel}","templated":true}]}}