{"id":97412,"date":"2025-01-16T09:37:24","date_gmt":"2025-01-16T12:37:24","guid":{"rendered":"https:\/\/tvc16.com\/portal\/?p=97412"},"modified":"2025-01-16T09:37:52","modified_gmt":"2025-01-16T12:37:52","slug":"ferias-no-vila-cama-elastica-oficina-e-exposicao-para-toda-a-familia-em-itaipava","status":"publish","type":"post","link":"https:\/\/tvc16.com\/portal\/2025\/01\/16\/ferias-no-vila-cama-elastica-oficina-e-exposicao-para-toda-a-familia-em-itaipava\/","title":{"rendered":"F\u00e9rias no Vila: cama-el\u00e1stica, oficina e exposi\u00e7\u00e3o para toda a fam\u00edlia em Itaipava"},"content":{"rendered":"\n<p>As F\u00e9rias no Vila&nbsp;transformaram&nbsp;Itaipava no destino ideal para lazer&nbsp;com criatividade e agito.&nbsp;A programa\u00e7\u00e3o&nbsp;do Shopping Vilarejo re\u00fane atividades para&nbsp;crian\u00e7as, pais, av\u00f3s e at\u00e9 mesmo os pets, com&nbsp;programa\u00e7\u00e3o com novidades como as&nbsp;camas-el\u00e1sticas e oficinas de desenho, at\u00e9 uma exposi\u00e7\u00e3o que conecta arte e natureza.&nbsp;As a\u00e7\u00f5es seguem at\u00e9 o final do m\u00eas.<\/p>\n\n\n\n<p>Complexo de lazer completo,&nbsp;com&nbsp;lojas, \u00e1reas verdes, refer\u00eancia em gastronomia na regi\u00e3o&nbsp;e seguran\u00e7a, o Vilarejo, com seu conceito moderno e inovador, proporciona um ambiente ao ar livre&nbsp;e ao mesmo tempo indoor,&nbsp;que combina conforto e conveni\u00eancia.<\/p>\n\n\n\n<p>\u201cO objetivo \u00e9 criar um ambiente onde toda a fam\u00edlia possa se divertir junta, aproveitar momentos de lazer e ainda viver experi\u00eancias que combinam divers\u00e3o, arte e aprendizado. O nosso shopping \u00e9 um espa\u00e7o de encontro e de boas mem\u00f3rias\u201d, destaca Tiago Corr\u00eaa, administrador do Shopping Vilarejo.<\/p>\n\n\n\n<p><strong>Camas-el\u00e1sticas para todas as idades<\/strong><\/p>\n\n\n\n<p>Se a divers\u00e3o com agito \u00e9 a pedida, as camas-el\u00e1sticas da Pokoolooko s\u00e3o o destino ideal. Pula-pulas foram instalados na Pra\u00e7a do Sol, que se tornou um espa\u00e7o de pura divers\u00e3o para todos \u2013 mesmo &#8211; sem limite de idade ou peso. Quem n\u00e3o ama um bom pula-pula, n\u00e3o \u00e9? A proposta \u00e9 simples: divers\u00e3o para toda a fam\u00edlia. O ambiente foi pensado para garantir seguran\u00e7a e a divers\u00e3o de quem quiser aproveitar.<\/p>\n\n\n\n<p><strong>Oficinas para mentes criativas<\/strong><\/p>\n\n\n\n<p>As f\u00e9rias tamb\u00e9m s\u00e3o um \u00f3timo momento para liberar a criatividade. No pr\u00f3ximo s\u00e1bado (18), o Shopping Vilarejo recebe a oficina gratuita Graph-it Play Lab \u2013 Universo da Arte Digital, que promete envolver as crian\u00e7as de 6 a 12 anos no universo da arte digital. Na atividade, as crian\u00e7as v\u00e3o aprender anima\u00e7\u00e3o, pintura digital e at\u00e9 mesmo criar seus pr\u00f3prios personagens, tudo de forma l\u00fadica e educativa.<\/p>\n\n\n\n<p>Al\u00e9m disso, no s\u00e1bado seguinte, dia 25, a programa\u00e7\u00e3o segue com uma oficina, tamb\u00e9m gratuita, de Programa\u00e7\u00e3o e Intelig\u00eancia Artificial, trazendo uma nova maneira de aprender e se divertir.<\/p>\n\n\n\n<p>As oficinas acontecer\u00e3o na Pra\u00e7a da Lua, a partir das 14h, com vagas limitadas e inscri\u00e7\u00f5es por ordem de chegada.<\/p>\n\n\n\n<p><strong>Exposi\u00e7\u00e3o de fotografia \u201cNas Asas de uma Paix\u00e3o\u201d<\/strong><\/p>\n\n\n\n<p>Para quem \u00e9 f\u00e3 de arte e natureza, a exposi\u00e7\u00e3o&nbsp;<em>\u201cA Fotografia nas Asas de uma Paix\u00e3o\u201d<\/em>&nbsp;j\u00e1 est\u00e1 em cartaz. A mostra, que retrata a beleza das aves, \u00e9 uma homenagem \u00e0 fot\u00f3grafa e m\u00e9dica veterin\u00e1ria Odette Araujo. Aberta ao p\u00fablico at\u00e9 o dia 2 de fevereiro, a exposi\u00e7\u00e3o gratuita leva os visitantes a uma viagem \u00fanica pelo olhar sens\u00edvel de Odette sobre os p\u00e1ssaros e seus habitats. A abertura aconteceu no dia 10 de janeiro com um bate-papo especial promovido pelo Sopef Fotoclube.<\/p>\n\n\n\n<p><img decoding=\"async\" alt=\"\ud83d\udd52\" src=\"https:\/\/fonts.gstatic.com\/s\/e\/notoemoji\/16.0\/1f552\/32.png\">&nbsp;<strong>Funcionamento do shopping:<\/strong><\/p>\n\n\n\n<ul class=\"wp-block-list\">\n<li>Ter\u00e7a-feira: 14h \u00e0s 19h<\/li>\n\n\n\n<li>Quarta a sexta-feira: 10h \u00e0s 19h<\/li>\n\n\n\n<li>S\u00e1bado: 10h \u00e0s 20h<\/li>\n\n\n\n<li>Domingo: 10h \u00e0s 18h<\/li>\n<\/ul>\n\n\n\n<p><img decoding=\"async\" alt=\"\ud83d\udccd\" src=\"https:\/\/fonts.gstatic.com\/s\/e\/notoemoji\/16.0\/1f4cd\/32.png\">&nbsp;<strong>Endere\u00e7o:<\/strong>&nbsp;Shopping Vilarejo \u2013 Estrada Uni\u00e3o e Ind\u00fastria, 10.035, Itaipava<\/p>\n\n\n\n<p><img decoding=\"async\" alt=\"\ud83d\udcf2\" src=\"https:\/\/fonts.gstatic.com\/s\/e\/notoemoji\/16.0\/1f4f2\/32.png\">&nbsp;<strong>Mais informa\u00e7\u00f5es:<\/strong>&nbsp;@shoppingvilarejo no Instagram<\/p>\n","protected":false},"excerpt":{"rendered":"<p>As F\u00e9rias no Vila&nbsp;transformaram&nbsp;Itaipava no destino ideal para lazer&nbsp;com criatividade e agito.&nbsp;A programa\u00e7\u00e3o&nbsp;do Shopping Vilarejo<\/p>\n","protected":false},"author":2,"featured_media":97413,"comment_status":"open","ping_status":"open","sticky":false,"template":"","format":"standard","meta":{"footnotes":""},"categories":[12],"tags":[],"class_list":["post-97412","post","type-post","status-publish","format-standard","has-post-thumbnail","hentry","category-cidade"],"_links":{"self":[{"href":"https:\/\/tvc16.com\/portal\/wp-json\/wp\/v2\/posts\/97412","targetHints":{"allow":["GET"]}}],"collection":[{"href":"https:\/\/tvc16.com\/portal\/wp-json\/wp\/v2\/posts"}],"about":[{"href":"https:\/\/tvc16.com\/portal\/wp-json\/wp\/v2\/types\/post"}],"author":[{"embeddable":true,"href":"https:\/\/tvc16.com\/portal\/wp-json\/wp\/v2\/users\/2"}],"replies":[{"embeddable":true,"href":"https:\/\/tvc16.com\/portal\/wp-json\/wp\/v2\/comments?post=97412"}],"version-history":[{"count":1,"href":"https:\/\/tvc16.com\/portal\/wp-json\/wp\/v2\/posts\/97412\/revisions"}],"predecessor-version":[{"id":97414,"href":"https:\/\/tvc16.com\/portal\/wp-json\/wp\/v2\/posts\/97412\/revisions\/97414"}],"wp:featuredmedia":[{"embeddable":true,"href":"https:\/\/tvc16.com\/portal\/wp-json\/wp\/v2\/media\/97413"}],"wp:attachment":[{"href":"https:\/\/tvc16.com\/portal\/wp-json\/wp\/v2\/media?parent=97412"}],"wp:term":[{"taxonomy":"category","embeddable":true,"href":"https:\/\/tvc16.com\/portal\/wp-json\/wp\/v2\/categories?post=97412"},{"taxonomy":"post_tag","embeddable":true,"href":"https:\/\/tvc16.com\/portal\/wp-json\/wp\/v2\/tags?post=97412"}],"curies":[{"name":"wp","href":"https:\/\/api.w.org\/{rel}","templated":true}]}}