{"id":97415,"date":"2025-01-16T11:39:59","date_gmt":"2025-01-16T14:39:59","guid":{"rendered":"https:\/\/tvc16.com\/portal\/?p=97415"},"modified":"2025-01-16T11:40:03","modified_gmt":"2025-01-16T14:40:03","slug":"renovacao-de-frota-no-transporte-publico-em-petropolis","status":"publish","type":"post","link":"https:\/\/tvc16.com\/portal\/2025\/01\/16\/renovacao-de-frota-no-transporte-publico-em-petropolis\/","title":{"rendered":"Renova\u00e7\u00e3o de frota no transporte p\u00fablico em Petr\u00f3polis"},"content":{"rendered":"\n<p>A partir de fevereiro, 12 novos ve\u00edculos da Cidade Real come\u00e7am a circular e atender a popula\u00e7\u00e3o em 10 bairros<\/p>\n\n\n\n<p>Na manh\u00e3 desta quarta-feira (15) o prefeito Hingo Hammes esteve na garagem da empresa de \u00f4nibus Cidade Real, no bairro Independ\u00eancia, para acompanhar a apresenta\u00e7\u00e3o dos 12 novos \u00f4nibus, que passam a integrar o sistema de transporte p\u00fablico da cidade de Petr\u00f3polis. Os ve\u00edculos, que trazem o selo Euro IV, das normas que definem os limites m\u00e1ximos de emiss\u00e3o de poluentes veiculares, estabelecido pela Comiss\u00e3o Europeia, representam uma significativa redu\u00e7\u00e3o nas emiss\u00f5es de \u00f3xidos de nitrog\u00eanio (NOx), part\u00edculas e outros poluentes atmosf\u00e9ricos emitidos por ve\u00edculos a diesel.<\/p>\n\n\n\n<p>\u201cS\u00e3o agora 12 novos \u00f4nibus, com compromisso de mais tr\u00eas. Esse \u00e9 o resultado direto do trabalho dedicado para melhorar o transporte p\u00fablico em Petr\u00f3polis\u201d, avaliou o prefeito Hingo Hammes, que destacou tamb\u00e9m o impacto que os novos \u00f4nibus geram no atendimento \u00e0 popula\u00e7\u00e3o. \u201cEssa \u00e9 uma pauta que trago ainda do tempo como vereador, de um transporte p\u00fablico de mais qualidade, com uma passagem mais barata tamb\u00e9m. A gente entende que esses novos ve\u00edculos v\u00e3o ajudar muito na ponta, no atendimento \u00e0 popula\u00e7\u00e3o. \u00d4nibus mais pontuais, com menor \u00edndice de quebras. E \u00e9 isso que a gente precisa, empresas s\u00e9rias que possam proporcionar um transporte de qualidade no nosso munic\u00edpio\u201d.<\/p>\n\n\n\n<p>Al\u00e9m de poluir menos, a nova gera\u00e7\u00e3o de ve\u00edculos apresentada hoje no Independ\u00eancia traz monitoramento em tempo real. \u201cNosso \u00f4nibus novos tem tecnologia Euro IV e monitoramento integrado. Cada carro possui telemetria. \u00c9 um ganho para a nossa cidade, um ganho para empresa. Os novos carros v\u00e3o passar a circular a partir de fevereiro nas ruas\u201d, informou o gestor da empresa, Miguel \u00c2ngelo Vianna.<\/p>\n\n\n\n<p>Os modelos Marcopolo Torino totalizam um investimento de aproximadamente R$ 12 milh\u00f5es. Com capacidade de condu\u00e7\u00e3o para 38 passageiros sentados e 32 em p\u00e9, s\u00e3o equipados por poltronas confort\u00e1veis, elevador para pessoas com defici\u00eancia ou mobilidade reduzida, ilumina\u00e7\u00e3o em led, c\u00e2meras de monitoramento de \u00faltima gera\u00e7\u00e3o com qualidade em HD e sistema de monitoramento via GPS, biometria facial, al\u00e9m de novos validadores, com o objetivo de garantir maior agilidade no embarque dos passageiros.<\/p>\n\n\n\n<p>Eles chegam para atender as linhas: 189 (Capit\u00e3o Paladini via Cel. Veiga); 122 (Fazenda Inglesa x Centro); 172 (Independ\u00eancia via Coronel Veiga); 135 (Elisa Mussel); 129 (Moinho Preto); 181 (Sim\u00e9ria via Castel\u00e2nea); 108 (Bairro Castrioto); 156 (Vila Felipe via Rua Teresa \/ Vila Real); 110 (Duarte da Silveira x Centro); 194 (Santa Isabel).<\/p>\n\n\n\n<p>\u201cA renova\u00e7\u00e3o da frota, com esses \u00f4nibus novos, \u00e9 fundamental para a gente garantir mais seguran\u00e7a nas vias. S\u00e3o \u00f4nibus mais modernos, mais tecnol\u00f3gicos. Eles geram menor impacto no meio ambiente, porque consomem menos combust\u00edvel. \u00c9 importante que a gente preste aten\u00e7\u00e3o no conforto do usu\u00e1rio. Porque, quanto mais confort\u00e1vel, mais pessoas acabam usando o transporte p\u00fablico. E isso vai impactar positivamente no sistema. Menos carros na rua e a cidade se movimentando melhor\u201d, pontuou o presidente da Companhia Petropolitana de Tr\u00e2nsito e Transportes &#8211; CPTrans.<\/p>\n\n\n\n<p>Depois da apresenta\u00e7\u00e3o, um grupo de bus\u00f3logos (pessoas que se dedicam ao estudo e \u00e0 aprecia\u00e7\u00e3o de \u00f4nibus), crian\u00e7as, adolescentes e adultos, foi conferir de perto os novos ve\u00edculos. E eles foram levados para uma volta pelas regi\u00f5es do Independ\u00eancia, Quitandinha, Centro, Castel\u00e2nea, Alto da Serra, Centro e Bingen.<\/p>\n","protected":false},"excerpt":{"rendered":"<p>A partir de fevereiro, 12 novos ve\u00edculos da Cidade Real come\u00e7am a circular e atender<\/p>\n","protected":false},"author":2,"featured_media":97417,"comment_status":"open","ping_status":"open","sticky":false,"template":"","format":"standard","meta":{"footnotes":""},"categories":[12],"tags":[],"class_list":["post-97415","post","type-post","status-publish","format-standard","has-post-thumbnail","hentry","category-cidade"],"_links":{"self":[{"href":"https:\/\/tvc16.com\/portal\/wp-json\/wp\/v2\/posts\/97415","targetHints":{"allow":["GET"]}}],"collection":[{"href":"https:\/\/tvc16.com\/portal\/wp-json\/wp\/v2\/posts"}],"about":[{"href":"https:\/\/tvc16.com\/portal\/wp-json\/wp\/v2\/types\/post"}],"author":[{"embeddable":true,"href":"https:\/\/tvc16.com\/portal\/wp-json\/wp\/v2\/users\/2"}],"replies":[{"embeddable":true,"href":"https:\/\/tvc16.com\/portal\/wp-json\/wp\/v2\/comments?post=97415"}],"version-history":[{"count":1,"href":"https:\/\/tvc16.com\/portal\/wp-json\/wp\/v2\/posts\/97415\/revisions"}],"predecessor-version":[{"id":97418,"href":"https:\/\/tvc16.com\/portal\/wp-json\/wp\/v2\/posts\/97415\/revisions\/97418"}],"wp:featuredmedia":[{"embeddable":true,"href":"https:\/\/tvc16.com\/portal\/wp-json\/wp\/v2\/media\/97417"}],"wp:attachment":[{"href":"https:\/\/tvc16.com\/portal\/wp-json\/wp\/v2\/media?parent=97415"}],"wp:term":[{"taxonomy":"category","embeddable":true,"href":"https:\/\/tvc16.com\/portal\/wp-json\/wp\/v2\/categories?post=97415"},{"taxonomy":"post_tag","embeddable":true,"href":"https:\/\/tvc16.com\/portal\/wp-json\/wp\/v2\/tags?post=97415"}],"curies":[{"name":"wp","href":"https:\/\/api.w.org\/{rel}","templated":true}]}}