{"id":97422,"date":"2025-01-16T11:41:45","date_gmt":"2025-01-16T14:41:45","guid":{"rendered":"https:\/\/tvc16.com\/portal\/?p=97422"},"modified":"2025-01-16T11:41:47","modified_gmt":"2025-01-16T14:41:47","slug":"primeira-parcela-do-iptu-vence-dia-20-de-janeiro-para-pagamento-em-cota-unica-com-desconto-de-10-o-prazo-e-ate-o-dia-31-de-janeiro-em-petropolis","status":"publish","type":"post","link":"https:\/\/tvc16.com\/portal\/2025\/01\/16\/primeira-parcela-do-iptu-vence-dia-20-de-janeiro-para-pagamento-em-cota-unica-com-desconto-de-10-o-prazo-e-ate-o-dia-31-de-janeiro-em-petropolis\/","title":{"rendered":"Primeira parcela do IPTU vence dia 20 de janeiro; para pagamento em cota \u00fanica, com desconto de 10% o prazo \u00e9 at\u00e9 o dia 31 de janeiro em Petr\u00f3polis"},"content":{"rendered":"\n<p>Quem optou por parcelar o IPTU 2025 deve ficar atento: a primeira parcela vence no pr\u00f3ximo dia 20 de janeiro. J\u00e1 para quem pretende aproveitar os 10% de desconto na cota \u00fanica, o prazo foi prorrogado at\u00e9 o dia 31 deste m\u00eas.<\/p>\n\n\n\n<p>Os carn\u00eas est\u00e3o dispon\u00edveis no site oficial da Prefeitura (www.petropolis.rj.gov.br) e tamb\u00e9m podem ser retirados em cinco pontos de atendimento espalhados pela cidade, funcionando de segunda a sexta-feira, das 9h \u00e0s 17h.<\/p>\n\n\n\n<p>&#8220;\u00c9 importante destacar que o pagamento do IPTU est\u00e1 diretamente ligado aos investimentos na cidade. Quando um cidad\u00e3o est\u00e1 em dia com o pagamento, ele se torna um apoiador da cidade, possibilitando o crescimento e melhorias diretas nos servi\u00e7os prestados&#8221;, afirmou o prefeito Hingo Hammes.<\/p>\n\n\n\n<p>O secret\u00e1rio de Fazenda, F\u00e1bio J\u00fanior, destacou que a prorroga\u00e7\u00e3o do prazo da cota \u00fanica foi pensada para dar mais tranquilidade aos contribuintes.<\/p>\n\n\n\n<p>\u201cQueremos garantir que todos tenham tempo e condi\u00e7\u00f5es de usufruir do desconto de 10% para pagamento at\u00e9 o dia 31 de janeiro de 2025\u201d, explicou.<\/p>\n\n\n\n<p>Os pontos de atendimento incluem a Secretaria de Fazenda, o Centro de Cultura, o Parque de Itaipava, a COMDEP e o INPAS, com atendimento presencial para quem preferir essa op\u00e7\u00e3o.<\/p>\n\n\n\n<p>Pontos de atendimento para emiss\u00e3o de segunda via do IPTU:<\/p>\n\n\n\n<p>Secretaria de Fazenda: Avenida Koeler, 260 &#8211; Centro<\/p>\n\n\n\n<p>Centro de Cultura: Pra\u00e7a Visconde de Mau\u00e1, 305 &#8211; Centro<\/p>\n\n\n\n<p>Parque de Itaipava: Estrada Uni\u00e3o e Ind\u00fastria, 10.000 &#8211; Itaipava<\/p>\n\n\n\n<p>COMDEP: Rua General Rondon, 400 &#8211; Quitandinha<\/p>\n\n\n\n<p>INPAS: Rua Doutor Alencar Lima, 35, Sala 101 &#8211; Centro<\/p>\n","protected":false},"excerpt":{"rendered":"<p>Quem optou por parcelar o IPTU 2025 deve ficar atento: a primeira parcela vence no<\/p>\n","protected":false},"author":2,"featured_media":97423,"comment_status":"open","ping_status":"open","sticky":false,"template":"","format":"standard","meta":{"footnotes":""},"categories":[12],"tags":[],"class_list":["post-97422","post","type-post","status-publish","format-standard","has-post-thumbnail","hentry","category-cidade"],"_links":{"self":[{"href":"https:\/\/tvc16.com\/portal\/wp-json\/wp\/v2\/posts\/97422","targetHints":{"allow":["GET"]}}],"collection":[{"href":"https:\/\/tvc16.com\/portal\/wp-json\/wp\/v2\/posts"}],"about":[{"href":"https:\/\/tvc16.com\/portal\/wp-json\/wp\/v2\/types\/post"}],"author":[{"embeddable":true,"href":"https:\/\/tvc16.com\/portal\/wp-json\/wp\/v2\/users\/2"}],"replies":[{"embeddable":true,"href":"https:\/\/tvc16.com\/portal\/wp-json\/wp\/v2\/comments?post=97422"}],"version-history":[{"count":1,"href":"https:\/\/tvc16.com\/portal\/wp-json\/wp\/v2\/posts\/97422\/revisions"}],"predecessor-version":[{"id":97424,"href":"https:\/\/tvc16.com\/portal\/wp-json\/wp\/v2\/posts\/97422\/revisions\/97424"}],"wp:featuredmedia":[{"embeddable":true,"href":"https:\/\/tvc16.com\/portal\/wp-json\/wp\/v2\/media\/97423"}],"wp:attachment":[{"href":"https:\/\/tvc16.com\/portal\/wp-json\/wp\/v2\/media?parent=97422"}],"wp:term":[{"taxonomy":"category","embeddable":true,"href":"https:\/\/tvc16.com\/portal\/wp-json\/wp\/v2\/categories?post=97422"},{"taxonomy":"post_tag","embeddable":true,"href":"https:\/\/tvc16.com\/portal\/wp-json\/wp\/v2\/tags?post=97422"}],"curies":[{"name":"wp","href":"https:\/\/api.w.org\/{rel}","templated":true}]}}