{"id":9743,"date":"2021-01-18T21:36:06","date_gmt":"2021-01-19T00:36:06","guid":{"rendered":"https:\/\/tvc16.com\/portal\/?p=9743"},"modified":"2021-01-18T21:36:09","modified_gmt":"2021-01-19T00:36:09","slug":"cartao-imperial-programa-social-municipal-que-garante-complemento-de-renda-para-compra-de-alimentos-a-familias-em-situacao-de-risco-social-na-em-petropolis-tera-os-valores-depositados-nesta-semana","status":"publish","type":"post","link":"https:\/\/tvc16.com\/portal\/2021\/01\/18\/cartao-imperial-programa-social-municipal-que-garante-complemento-de-renda-para-compra-de-alimentos-a-familias-em-situacao-de-risco-social-na-em-petropolis-tera-os-valores-depositados-nesta-semana\/","title":{"rendered":"Cart\u00e3o Imperial, programa social municipal que garante complemento de renda para compra de alimentos a fam\u00edlias em situa\u00e7\u00e3o de risco social na em Petr\u00f3polis, ter\u00e1 os valores depositados nesta semana. O aux\u00edlio mensal \u00e9 de R$ 70"},"content":{"rendered":"\n<p>\u201cEstamos unindo esfor\u00e7os para que os inscritos no programa recebam os benef\u00edcios o mais rapidamente poss\u00edvel. \u00c9 importante que as fam\u00edlias saibam que o dinheiro ser\u00e1 depositado nos pr\u00f3ximos dias\u201d, garante Rosane Borsato.<\/p>\n\n\n\n<p>O Cart\u00e3o Imperial \u00e9 voltado para a compra de alimentos em estabelecimentos conveniados. O benef\u00edcio \u00e9 concedido a quase 4 mil fam\u00edlias, que contam com a contribui\u00e7\u00e3o do programa social para complementar seu sustento. Todas as fam\u00edlias cadastradas no programa est\u00e3o registradas no Cadastro \u00danico para Programas Sociais (Cad\u00danico).<\/p>\n","protected":false},"excerpt":{"rendered":"<p>\u201cEstamos unindo esfor\u00e7os para que os inscritos no programa recebam os benef\u00edcios o mais rapidamente<\/p>\n","protected":false},"author":2,"featured_media":9744,"comment_status":"open","ping_status":"open","sticky":false,"template":"","format":"standard","meta":{"footnotes":""},"categories":[12],"tags":[],"class_list":["post-9743","post","type-post","status-publish","format-standard","has-post-thumbnail","hentry","category-cidade"],"_links":{"self":[{"href":"https:\/\/tvc16.com\/portal\/wp-json\/wp\/v2\/posts\/9743","targetHints":{"allow":["GET"]}}],"collection":[{"href":"https:\/\/tvc16.com\/portal\/wp-json\/wp\/v2\/posts"}],"about":[{"href":"https:\/\/tvc16.com\/portal\/wp-json\/wp\/v2\/types\/post"}],"author":[{"embeddable":true,"href":"https:\/\/tvc16.com\/portal\/wp-json\/wp\/v2\/users\/2"}],"replies":[{"embeddable":true,"href":"https:\/\/tvc16.com\/portal\/wp-json\/wp\/v2\/comments?post=9743"}],"version-history":[{"count":1,"href":"https:\/\/tvc16.com\/portal\/wp-json\/wp\/v2\/posts\/9743\/revisions"}],"predecessor-version":[{"id":9745,"href":"https:\/\/tvc16.com\/portal\/wp-json\/wp\/v2\/posts\/9743\/revisions\/9745"}],"wp:featuredmedia":[{"embeddable":true,"href":"https:\/\/tvc16.com\/portal\/wp-json\/wp\/v2\/media\/9744"}],"wp:attachment":[{"href":"https:\/\/tvc16.com\/portal\/wp-json\/wp\/v2\/media?parent=9743"}],"wp:term":[{"taxonomy":"category","embeddable":true,"href":"https:\/\/tvc16.com\/portal\/wp-json\/wp\/v2\/categories?post=9743"},{"taxonomy":"post_tag","embeddable":true,"href":"https:\/\/tvc16.com\/portal\/wp-json\/wp\/v2\/tags?post=9743"}],"curies":[{"name":"wp","href":"https:\/\/api.w.org\/{rel}","templated":true}]}}