{"id":97431,"date":"2025-01-17T07:59:45","date_gmt":"2025-01-17T10:59:45","guid":{"rendered":"https:\/\/tvc16.com\/portal\/?p=97431"},"modified":"2025-01-17T07:59:47","modified_gmt":"2025-01-17T10:59:47","slug":"inscricao-para-exame-de-proficiencia-em-portugues-termina-nesta-sexta","status":"publish","type":"post","link":"https:\/\/tvc16.com\/portal\/2025\/01\/17\/inscricao-para-exame-de-proficiencia-em-portugues-termina-nesta-sexta\/","title":{"rendered":"Inscri\u00e7\u00e3o para exame de profici\u00eancia em portugu\u00eas termina nesta sexta"},"content":{"rendered":"\n<p><em>Provas ser\u00e3o aplicadas pelo Inep entre os dias 11 e 14 de mar\u00e7o<\/em><\/p>\n\n\n\n<p>Por Paula Laboissi\u00e8re \u2013 Rep\u00f3rter da Ag\u00eancia Brasil \/ Foto: Divulga\u00e7\u00e3o\/Inep<\/p>\n\n\n\n<p><\/p>\n\n\n\n<p>Interessados em se inscrever para o exame de obten\u00e7\u00e3o do Certificado de Profici\u00eancia em L\u00edngua Portuguesa para Estrangeiros (Celpe-Bras) 2025\/1 t\u00eam at\u00e9 esta sexta-feira (17) para utilizar o&nbsp;<a href=\"http:\/\/celpebras.inep.gov.br\/celpebras\/\" target=\"_blank\" rel=\"noreferrer noopener\">Sistema Celpe-Bras<\/a>. As provas ser\u00e3o realizadas entre 11 e 14 de mar\u00e7o.<img decoding=\"async\" src=\"https:\/\/agenciabrasil.ebc.com.br\/ebc.png?id=1627033&amp;o=node\"><img decoding=\"async\" src=\"https:\/\/agenciabrasil.ebc.com.br\/ebc.gif?id=1627033&amp;o=node\"><\/p>\n\n\n\n<p>No ato da inscri\u00e7\u00e3o, \u00e9 preciso indicar o pa\u00eds e o posto onde pretende realizar as provas, o n\u00famero do passaporte ou documento de identifica\u00e7\u00e3o v\u00e1lido no pa\u00eds de inscri\u00e7\u00e3o e a data de nascimento, al\u00e9m de fornecer endere\u00e7o de&nbsp;<em>e-mail&nbsp;<\/em>e n\u00famero de telefone v\u00e1lidos.<\/p>\n\n\n\n<p>Participantes que precisarem de atendimento especializado ou de tratamento pelo nome social no dia do exame devem fazer a solicita\u00e7\u00e3o no momento da inscri\u00e7\u00e3o. \u00c9 necess\u00e1rio enviar documenta\u00e7\u00e3o comprobat\u00f3ria que justifique a necessidade.<\/p>\n\n\n\n<p>Aplicado pelo Instituto Nacional de Estudos e Pesquisas Educacionais An\u00edsio Teixeira (Inep), o&nbsp;exame \u00e9&nbsp;considerado pelo Minist\u00e9rio da Educa\u00e7\u00e3o como essencial para estrangeiros que desejam comprovar sua flu\u00eancia no idioma portugu\u00eas.<\/p>\n\n\n\n<h2 class=\"wp-block-heading\">Aplica\u00e7\u00e3o<\/h2>\n\n\n\n<p>Em nota, a pasta informou que a parte escrita da prova, que&nbsp;deve ser realizada em at\u00e9 tr\u00eas horas, \u00e9 composta por quatro tarefas de produ\u00e7\u00e3o textual que abrangem mais de um componente ou habilidade de uso da l\u00edngua portuguesa.<\/p>\n\n\n\n<p>\u201cJ\u00e1 a parte oral consiste em uma intera\u00e7\u00e3o presencial, face a face, entre o participante, o avaliador-interlocutor e o avaliador-observador, com dura\u00e7\u00e3o de 20 minutos. A profici\u00eancia \u00e9 avaliada a partir do desempenho do participante nas duas partes.\u201d<\/p>\n\n\n\n<h2 class=\"wp-block-heading\">Entenda<\/h2>\n\n\n\n<p>O Celpe-Bras \u00e9 um procedimento brasileiro oficial para certificar profici\u00eancia em portugu\u00eas como l\u00edngua estrangeira. As provas s\u00e3o realizadas em postos aplicadores: institui\u00e7\u00f5es de educa\u00e7\u00e3o superior, representa\u00e7\u00f5es diplom\u00e1ticas, miss\u00f5es consulares, centros e institutos culturais.<\/p>\n\n\n\n<p>O certificado \u00e9 aceito como comprova\u00e7\u00e3o de profici\u00eancia no uso da l\u00edngua portuguesa por institui\u00e7\u00f5es de educa\u00e7\u00e3o superior para ingresso em cursos de gradua\u00e7\u00e3o e em programas de p\u00f3s-gradua\u00e7\u00e3o, bem como para valida\u00e7\u00e3o de diplomas de profissionais estrangeiros que pretendem trabalhar no pa\u00eds.<\/p>\n\n\n\n<h2 class=\"wp-block-heading\">Cronograma<\/h2>\n\n\n\n<p>Inscri\u00e7\u00e3o: 6 a 17 de janeiro<br>Pagamento da taxa: 6 a 22 de janeiro<br>Homologa\u00e7\u00e3o do posto aplicador: 6 a 24 de janeiro<br>Atendimento especializado e tratamento pelo nome social: 6 a 17 de janeiro<br>Resultados dos pedidos de atendimento: 24 de janeiro<br>Per\u00edodo de recursos: 27 a 31 de janeiro<br>Resultado dos recursos: 3 de fevereiro<br>Aplica\u00e7\u00e3o das provas: 11 a 14 de mar\u00e7o<br>Resultados: 27 de maio<br><\/p>\n","protected":false},"excerpt":{"rendered":"<p>Provas ser\u00e3o aplicadas pelo Inep entre os dias 11 e 14 de mar\u00e7o Por Paula<\/p>\n","protected":false},"author":2,"featured_media":97432,"comment_status":"open","ping_status":"open","sticky":false,"template":"","format":"standard","meta":{"footnotes":""},"categories":[17],"tags":[],"class_list":["post-97431","post","type-post","status-publish","format-standard","has-post-thumbnail","hentry","category-outras-noticias"],"_links":{"self":[{"href":"https:\/\/tvc16.com\/portal\/wp-json\/wp\/v2\/posts\/97431","targetHints":{"allow":["GET"]}}],"collection":[{"href":"https:\/\/tvc16.com\/portal\/wp-json\/wp\/v2\/posts"}],"about":[{"href":"https:\/\/tvc16.com\/portal\/wp-json\/wp\/v2\/types\/post"}],"author":[{"embeddable":true,"href":"https:\/\/tvc16.com\/portal\/wp-json\/wp\/v2\/users\/2"}],"replies":[{"embeddable":true,"href":"https:\/\/tvc16.com\/portal\/wp-json\/wp\/v2\/comments?post=97431"}],"version-history":[{"count":1,"href":"https:\/\/tvc16.com\/portal\/wp-json\/wp\/v2\/posts\/97431\/revisions"}],"predecessor-version":[{"id":97433,"href":"https:\/\/tvc16.com\/portal\/wp-json\/wp\/v2\/posts\/97431\/revisions\/97433"}],"wp:featuredmedia":[{"embeddable":true,"href":"https:\/\/tvc16.com\/portal\/wp-json\/wp\/v2\/media\/97432"}],"wp:attachment":[{"href":"https:\/\/tvc16.com\/portal\/wp-json\/wp\/v2\/media?parent=97431"}],"wp:term":[{"taxonomy":"category","embeddable":true,"href":"https:\/\/tvc16.com\/portal\/wp-json\/wp\/v2\/categories?post=97431"},{"taxonomy":"post_tag","embeddable":true,"href":"https:\/\/tvc16.com\/portal\/wp-json\/wp\/v2\/tags?post=97431"}],"curies":[{"name":"wp","href":"https:\/\/api.w.org\/{rel}","templated":true}]}}