{"id":97440,"date":"2025-01-17T08:04:34","date_gmt":"2025-01-17T11:04:34","guid":{"rendered":"https:\/\/tvc16.com\/portal\/?p=97440"},"modified":"2025-01-17T08:04:39","modified_gmt":"2025-01-17T11:04:39","slug":"rio-e-niteroi-entregam-dossie-para-sediar-pan-2031-sao-paulo-desiste","status":"publish","type":"post","link":"https:\/\/tvc16.com\/portal\/2025\/01\/17\/rio-e-niteroi-entregam-dossie-para-sediar-pan-2031-sao-paulo-desiste\/","title":{"rendered":"Rio e Niter\u00f3i entregam dossi\u00ea para sediar Pan 2031; S\u00e3o Paulo desiste"},"content":{"rendered":"\n<p><em>Expectativa \u00e9 que sede escolhida seja anunciada em agosto<\/em><\/p>\n\n\n\n<p>Por L\u00e9o Rodrigues &#8211; Rep\u00f3rter da Ag\u00eancia Brasil \/ Foto: Marcos de Paula\/Prefeitura do Rio<\/p>\n\n\n\n<p><\/p>\n\n\n\n<p>As prefeituras de Rio de Janeiro e Niter\u00f3i apresentaram ao Comit\u00ea Ol\u00edmpico do Brasil (COB) o dossi\u00ea de postula\u00e7\u00e3o para sediar os Jogos Pan-Americanos e Parapan-Americanos de 2031. As duas cidades j\u00e1 haviam&nbsp;oficializado a&nbsp;<a href=\"https:\/\/agenciabrasil.ebc.com.br\/esportes\/noticia\/2024-12\/rio-e-niteroi-apresentam-ao-cob-candidatura-para-sede-do-pan-em-2031\" target=\"_blank\" rel=\"noreferrer noopener\">candidatura conjunta&nbsp;<\/a>atrav\u00e9s da carta de inten\u00e7\u00f5es entregue no in\u00edcio de dezembro.<img decoding=\"async\" src=\"https:\/\/agenciabrasil.ebc.com.br\/ebc.png?id=1627080&amp;o=node\"><img decoding=\"async\" src=\"https:\/\/agenciabrasil.ebc.com.br\/ebc.gif?id=1627080&amp;o=node\"><\/p>\n\n\n\n<p>A apresenta\u00e7\u00e3o do dossi\u00ea aconteceu nesta quinta-feira (16) em evento com a participa\u00e7\u00e3o dos prefeitos do Rio, Eduardo Paes, e de Niter\u00f3i, Rodrigo Neves, e do presidente do COB, Marco La Porta. O encontro se deu no Parque Ol\u00edmpico, localizado na Barra da Tijuca, zona oeste da capital fluminense.<\/p>\n\n\n\n<p>Em seu discurso, Paes destacou o grande n\u00famero de equipamentos esportivos que j\u00e1 est\u00e3o dispon\u00edveis, boa parte deles constru\u00eddos na prepara\u00e7\u00e3o para os Jogos Ol\u00edmpicos de 2016. A sintonia entre os dois munic\u00edpios foi mencionada por ambos os prefeitos.<\/p>\n\n\n\n<h2 class=\"wp-block-heading\">Desist\u00eancia de S\u00e3o Paulo<\/h2>\n\n\n\n<p>No mesmo dia, S\u00e3o Paulo<a href=\"https:\/\/agenciabrasil.ebc.com.br\/esportes\/noticia\/2023-10\/sao-paulo-anuncia-candidatura-sede-dos-jogos-pan-americanos-de-2031\" target=\"_blank\" rel=\"noreferrer noopener\">&nbsp;comunicou sua desist\u00eancia e manifestou apoio \u00e0 candidatura de Rio e Niter\u00f3i<\/a>. Desde 2023, a capital paulista vinha&nbsp;manifestando interesse em sediar o Pan 2031. O recuo foi anunciado pela prefeitura por meio de nota, em que elogia a infraestrutura de Rio de Janeiro e Niter\u00f3i e tamb\u00e9m cita as Olimp\u00edadas em 2016 sediadas na capital fluminense.<\/p>\n\n\n\n<p>&#8220;O objetivo agora \u00e9 trabalhar conjuntamente para que os jogos Pan-Americanos venham para o Brasil&#8221;, acrescenta o texto.<\/p>\n\n\n\n<p>A cidade que representar\u00e1 o Brasil na disputa internacional ser\u00e1 escolhida pela assembleia do COB no dia 29 de janeiro, quando ocorre a defesa das candidaturas.<\/p>\n\n\n\n<p>A decis\u00e3o final \u00e9 tomada no \u00e2mbito da Panam Sports, entidade continental respons\u00e1vel pelos Jogos Pan-Americanos. A expectativa \u00e9 de que a escolha seja anunciada em agosto.<\/p>\n\n\n\n<p>Nesse momento, a \u00fanica cidade que se coloca como concorrente de Rio e Niter\u00f3i \u00e9 Assun\u00e7\u00e3o. A capital paraguaia anunciou seu interesse em sediar o evento esportivo em dezembro.<\/p>\n","protected":false},"excerpt":{"rendered":"<p>Expectativa \u00e9 que sede escolhida seja anunciada em agosto Por L\u00e9o Rodrigues &#8211; Rep\u00f3rter da<\/p>\n","protected":false},"author":2,"featured_media":97441,"comment_status":"open","ping_status":"open","sticky":false,"template":"","format":"standard","meta":{"footnotes":""},"categories":[17],"tags":[],"class_list":["post-97440","post","type-post","status-publish","format-standard","has-post-thumbnail","hentry","category-outras-noticias"],"_links":{"self":[{"href":"https:\/\/tvc16.com\/portal\/wp-json\/wp\/v2\/posts\/97440","targetHints":{"allow":["GET"]}}],"collection":[{"href":"https:\/\/tvc16.com\/portal\/wp-json\/wp\/v2\/posts"}],"about":[{"href":"https:\/\/tvc16.com\/portal\/wp-json\/wp\/v2\/types\/post"}],"author":[{"embeddable":true,"href":"https:\/\/tvc16.com\/portal\/wp-json\/wp\/v2\/users\/2"}],"replies":[{"embeddable":true,"href":"https:\/\/tvc16.com\/portal\/wp-json\/wp\/v2\/comments?post=97440"}],"version-history":[{"count":1,"href":"https:\/\/tvc16.com\/portal\/wp-json\/wp\/v2\/posts\/97440\/revisions"}],"predecessor-version":[{"id":97442,"href":"https:\/\/tvc16.com\/portal\/wp-json\/wp\/v2\/posts\/97440\/revisions\/97442"}],"wp:featuredmedia":[{"embeddable":true,"href":"https:\/\/tvc16.com\/portal\/wp-json\/wp\/v2\/media\/97441"}],"wp:attachment":[{"href":"https:\/\/tvc16.com\/portal\/wp-json\/wp\/v2\/media?parent=97440"}],"wp:term":[{"taxonomy":"category","embeddable":true,"href":"https:\/\/tvc16.com\/portal\/wp-json\/wp\/v2\/categories?post=97440"},{"taxonomy":"post_tag","embeddable":true,"href":"https:\/\/tvc16.com\/portal\/wp-json\/wp\/v2\/tags?post=97440"}],"curies":[{"name":"wp","href":"https:\/\/api.w.org\/{rel}","templated":true}]}}