{"id":97446,"date":"2025-01-17T08:07:06","date_gmt":"2025-01-17T11:07:06","guid":{"rendered":"https:\/\/tvc16.com\/portal\/?p=97446"},"modified":"2025-01-17T08:07:08","modified_gmt":"2025-01-17T11:07:08","slug":"defesa-de-daniel-silveira-pede-esclarecimentos-para-devolver-arma","status":"publish","type":"post","link":"https:\/\/tvc16.com\/portal\/2025\/01\/17\/defesa-de-daniel-silveira-pede-esclarecimentos-para-devolver-arma\/","title":{"rendered":"Defesa de Daniel Silveira pede esclarecimentos para devolver arma"},"content":{"rendered":"\n<p><em>Ministro Alexandre de Moraes deu 48h para ex-parlamentar entregar arma<\/em><\/p>\n\n\n\n<p>Por Gilberto Costa &#8211; Rep\u00f3rter da Ag\u00eancia Brasil \/ Foto: Luis Macedo\/C\u00e2mara dos Deputados<\/p>\n\n\n\n<p><\/p>\n\n\n\n<p>Os advogados de defesa do ex-deputado Daniel Silveira pediram esclarecimentos ao ministro Alexandre de Morares, do Supremo Tribunal Federal, sobre como deve&nbsp;ser o procedimento para a&nbsp;entrega da arma de fogo registrada em nome do ex-parlamentar que est\u00e1 preso.<img decoding=\"async\" src=\"https:\/\/agenciabrasil.ebc.com.br\/ebc.png?id=1627074&amp;o=node\"><img decoding=\"async\" src=\"https:\/\/agenciabrasil.ebc.com.br\/ebc.gif?id=1627074&amp;o=node\"><\/p>\n\n\n\n<p>Em nota \u00e0 imprensa, os advogados Paulo C\u00e9sar de Faria, Michael Robert Pinheiro, Sebasti\u00e3o Coelho da Silva e Paola da Silva Daniel ressaltam o \u201cesp\u00edrito colaborativo e coopera\u00e7\u00e3o com a justi\u00e7a\u201d ao fazer a comunica\u00e7\u00e3o \u201cpouco mais de 24 horas ap\u00f3s a ordem, e dentro do prazo.\u201d<\/p>\n\n\n\n<p>Ontem, Moraes intimou os advogados de Daniel Silveira a \u201centregar no prazo de 48 horas, a arma de fogo do tipo Pistola, marca Taurus, calibre .380 [autom\u00e1tica].\u201d A arma est\u00e1 registrada na Pol\u00edcia Militar do Estado do Rio de Janeiro.<\/p>\n\n\n\n<p>O Estatuto do Desarmamento (Lei n\u00ba 10.826\/2003) exige que, para adquirir arma de fogo de uso permitido e com registro no Ex\u00e9rcito, o interessado dever\u00e1 declarar a efetiva necessidade e comprovar idoneidade, inclusive \u201ccom a apresenta\u00e7\u00e3o de certid\u00f5es negativas de antecedentes criminais fornecidas pela Justi\u00e7a Federal, Estadual, Militar e Eleitoral e de n\u00e3o estar respondendo a inqu\u00e9rito policial ou a processo criminal\u201d.<\/p>\n\n\n\n<p>Daniel Silveira foi condenado pelo Supremo em abril de 2022 \u00e0&nbsp;pris\u00e3o em regime fechado por crimes de amea\u00e7a ao Estado Democr\u00e1tico de Direito e tamb\u00e9m por coa\u00e7\u00e3o no curso do processo. A pena \u00e9 de oito anos e nove meses.<\/p>\n\n\n\n<h2 class=\"wp-block-heading\">Sem condicional<\/h2>\n\n\n\n<p>Em 20 de dezembro passado, o ex-deputado teve<a href=\"https:\/\/agenciabrasil.ebc.com.br\/justica\/noticia\/2024-12\/moraes-concede-liberdade-condicional-daniel-silveira\" target=\"_blank\" rel=\"noreferrer noopener\">&nbsp;liberdade condicional concedida<\/a>, mas tr\u00eas dias depois da sa\u00edda&nbsp;<a href=\"https:\/\/agenciabrasil.ebc.com.br\/justica\/noticia\/2024-12\/daniel-silveira-volta-ser-preso-pela-pf-por-determinacao-de-moraes\" target=\"_blank\" rel=\"noreferrer noopener\">voltou a cumprir a pena em regime fechado<\/a>, por \u201cdesrespeitar condi\u00e7\u00f5es para que permanecesse em liberdade\u201d, conforme nota do STF.<\/p>\n\n\n\n<p>Entre as exig\u00eancias, estava&nbsp;a obriga\u00e7\u00e3o de \u201cse instalar em sua resid\u00eancia no per\u00edodo noturno\u201d. Segundo o ministro Alexandre Moraes, depois de ser solto no dia 21 de dezembro, o ex-deputado retornou para casa de madrugada (\u00e0s 2h10 do dia 22), \u201cquatro horas depois do permitido, violando os termos da liberdade condicional.\u201d<\/p>\n\n\n\n<p>Conforme os advogados de Silveira, o cliente sofreu de crise renal e precisou&nbsp;ir para um hospital. Segundo a defesa, dada a urg\u00eancia, ele n\u00e3o poderia esperar a libera\u00e7\u00e3o da Justi\u00e7a para atendimento m\u00e9dico. Moraes n\u00e3o aceitou a alega\u00e7\u00e3o.<br><\/p>\n","protected":false},"excerpt":{"rendered":"<p>Ministro Alexandre de Moraes deu 48h para ex-parlamentar entregar arma Por Gilberto Costa &#8211; Rep\u00f3rter<\/p>\n","protected":false},"author":2,"featured_media":97447,"comment_status":"open","ping_status":"open","sticky":false,"template":"","format":"standard","meta":{"footnotes":""},"categories":[12],"tags":[],"class_list":["post-97446","post","type-post","status-publish","format-standard","has-post-thumbnail","hentry","category-cidade"],"_links":{"self":[{"href":"https:\/\/tvc16.com\/portal\/wp-json\/wp\/v2\/posts\/97446","targetHints":{"allow":["GET"]}}],"collection":[{"href":"https:\/\/tvc16.com\/portal\/wp-json\/wp\/v2\/posts"}],"about":[{"href":"https:\/\/tvc16.com\/portal\/wp-json\/wp\/v2\/types\/post"}],"author":[{"embeddable":true,"href":"https:\/\/tvc16.com\/portal\/wp-json\/wp\/v2\/users\/2"}],"replies":[{"embeddable":true,"href":"https:\/\/tvc16.com\/portal\/wp-json\/wp\/v2\/comments?post=97446"}],"version-history":[{"count":1,"href":"https:\/\/tvc16.com\/portal\/wp-json\/wp\/v2\/posts\/97446\/revisions"}],"predecessor-version":[{"id":97448,"href":"https:\/\/tvc16.com\/portal\/wp-json\/wp\/v2\/posts\/97446\/revisions\/97448"}],"wp:featuredmedia":[{"embeddable":true,"href":"https:\/\/tvc16.com\/portal\/wp-json\/wp\/v2\/media\/97447"}],"wp:attachment":[{"href":"https:\/\/tvc16.com\/portal\/wp-json\/wp\/v2\/media?parent=97446"}],"wp:term":[{"taxonomy":"category","embeddable":true,"href":"https:\/\/tvc16.com\/portal\/wp-json\/wp\/v2\/categories?post=97446"},{"taxonomy":"post_tag","embeddable":true,"href":"https:\/\/tvc16.com\/portal\/wp-json\/wp\/v2\/tags?post=97446"}],"curies":[{"name":"wp","href":"https:\/\/api.w.org\/{rel}","templated":true}]}}