{"id":97449,"date":"2025-01-17T08:08:17","date_gmt":"2025-01-17T11:08:17","guid":{"rendered":"https:\/\/tvc16.com\/portal\/?p=97449"},"modified":"2025-01-17T08:08:20","modified_gmt":"2025-01-17T11:08:20","slug":"chuvas-levam-quatro-cidades-a-decretar-emergencia-em-santa-catarina","status":"publish","type":"post","link":"https:\/\/tvc16.com\/portal\/2025\/01\/17\/chuvas-levam-quatro-cidades-a-decretar-emergencia-em-santa-catarina\/","title":{"rendered":"Chuvas levam quatro cidades a decretar emerg\u00eancia em Santa Catarina"},"content":{"rendered":"\n<p><em>Defesa Civil alerta para risco de alagamentos e deslizamentos<\/em><\/p>\n\n\n\n<p>Por Alex Rodrigues \u2013 Rep\u00f3rter da Ag\u00eancia Brasil \/ Foto: Divulga\u00e7\u00e3o\/Coredec\/Itaja\u00ed (SC)<\/p>\n\n\n\n<p><\/p>\n\n\n\n<p>As fortes chuvas que atingem parte do estado de Santa Catarina desde a manh\u00e3 desta quinta-feira (16) j\u00e1 causaram danos e transtornos em diversas cidades do estado. Em quatro munic\u00edpios&nbsp;\u2013 Balne\u00e1rio Cambori\u00fa, Cambori\u00fa, Governador Celso Ramos e Tijucas \u2013 a prefeitura decretou situa\u00e7\u00e3o de emerg\u00eancia devido \u00e0s consequ\u00eancias do grande volume de \u00e1gua.<img decoding=\"async\" src=\"https:\/\/agenciabrasil.ebc.com.br\/ebc.png?id=1627071&amp;o=node\"><img decoding=\"async\" src=\"https:\/\/agenciabrasil.ebc.com.br\/ebc.gif?id=1627071&amp;o=node\"><\/p>\n\n\n\n<p>O maior volume de chuva registrado at\u00e9 esta tarde em todo o territ\u00f3rio catarinense ocorreu em Tijucas, na Grande Florian\u00f3polis: 280 mil\u00edmetros. Por causa da intensidade dos eventos clim\u00e1ticos, a Secretaria Estadual de Defesa Civil emitiu alerta \u00e0 popula\u00e7\u00e3o, destacando os riscos de alagamentos, enxurradas, deslizamentos, quedas de \u00e1rvore e os consequentes danos \u00e0 infraestrutura, como eventuais interrup\u00e7\u00f5es no fornecimento de energia el\u00e9trica.<\/p>\n\n\n\n<p>Em Itaja\u00ed, no litoral norte catarinense, a precipita\u00e7\u00e3o pluviom\u00e9trica agravou a situa\u00e7\u00e3o em \u00e1reas de encosta e regi\u00f5es propensas a alagamentos, que j\u00e1 estavam sendo monitoradas devido \u00e0 condi\u00e7\u00e3o do solo, encharcado pelas chuvas dos \u00faltimos dias. Segundo a prefeitura, entre a madrugada e a tarde de hoje, agentes da Defesa Civil municipal atenderam a 35 ocorr\u00eancias relacionadas \u00e0s consequ\u00eancias das chuvas, incluindo sete deslizamentos. No total, 20 pessoas e um animal precisaram ser socorridas.<\/p>\n\n\n\n<p>\u201cCom a interrup\u00e7\u00e3o das chuvas, a \u00e1gua j\u00e1 foi drenada, o que elimina o risco de enchente no munic\u00edpio\u201d, informou a prefeitura, ressaltando que, apesar disso, as equipes seguem em alerta m\u00e1ximo, monitorando principalmente as \u00e1reas cr\u00edticas.<\/p>\n\n\n\n<p>A situa\u00e7\u00e3o tamb\u00e9m \u00e9 grave em Balne\u00e1rio Cambori\u00fa. Pessoas ficaram ilhadas e as ruas, alagadas. Segundo a prefeitura, houve alagamentos em todos os bairros e muitas avenidas continuam debaixo d&#8217;\u00e1gua, interditadas. Atingidas, unidades de sa\u00fade b\u00e1sicas de sete bairros (Estados, Barra, Vila Real, S\u00e3o Judas, Estaleiro, Estaleirinho e Taquaras), al\u00e9m dos centros Odontol\u00f3gico Especializado e de Aten\u00e7\u00e3o Psicossocial, que suspenderam o atendimento \u00e0 popula\u00e7\u00e3o.<\/p>\n\n\n\n<p>Ainda em Balne\u00e1rio Cambori\u00fa, ao menos uma fam\u00edlia precisou ser resgatada \u00e0s pressas. Al\u00e9m de decretar situa\u00e7\u00e3o de emerg\u00eancia, colocando em curso o Plano Municipal Emergencial de Respostas aos Desastres e anunciando a abertura de tr\u00eas abrigos emergenciais, a prefeita Juliana Pavan convocou volunt\u00e1rios para refor\u00e7ar as a\u00e7\u00f5es.<\/p>\n\n\n\n<p>A chuva tamb\u00e9m causou transtornos na capital, Florian\u00f3polis. Diante da previs\u00e3o de que deve continuar chovendo pelas pr\u00f3ximas horas, a Universidade Federal de Santa Catarina decidiu suspender todas as atividades presenciais hoje e amanh\u00e3 (18), quando os eventuais danos ser\u00e3o avaliados. Diversas vias da cidade ficaram sob a \u00e1gua, que invadiu o Hospital Infantil Joana de Gusm\u00e3o, mas n\u00e3o houve danos ao hospital e o atendimento foi prontamente restabelecido.<\/p>\n\n\n\n<p>De acordo com a Defesa Civil estadual, a previs\u00e3o \u00e9 que o clima continue inst\u00e1vel na noite desta quinta-feira. A orienta\u00e7\u00e3o \u00e9 que moradores de \u00e1reas de risco, como as proximidades de encostas e rios, fiquem atentos a poss\u00edveis alagamentos e deslizamentos de terra e aos alertas meteorol\u00f3gicos que v\u00eam sendo emitidos inclusive por mensagens de SMS, para telefones celulares.<br><\/p>\n","protected":false},"excerpt":{"rendered":"<p>Defesa Civil alerta para risco de alagamentos e deslizamentos Por Alex Rodrigues \u2013 Rep\u00f3rter da<\/p>\n","protected":false},"author":2,"featured_media":97450,"comment_status":"open","ping_status":"open","sticky":false,"template":"","format":"standard","meta":{"footnotes":""},"categories":[17],"tags":[],"class_list":["post-97449","post","type-post","status-publish","format-standard","has-post-thumbnail","hentry","category-outras-noticias"],"_links":{"self":[{"href":"https:\/\/tvc16.com\/portal\/wp-json\/wp\/v2\/posts\/97449","targetHints":{"allow":["GET"]}}],"collection":[{"href":"https:\/\/tvc16.com\/portal\/wp-json\/wp\/v2\/posts"}],"about":[{"href":"https:\/\/tvc16.com\/portal\/wp-json\/wp\/v2\/types\/post"}],"author":[{"embeddable":true,"href":"https:\/\/tvc16.com\/portal\/wp-json\/wp\/v2\/users\/2"}],"replies":[{"embeddable":true,"href":"https:\/\/tvc16.com\/portal\/wp-json\/wp\/v2\/comments?post=97449"}],"version-history":[{"count":1,"href":"https:\/\/tvc16.com\/portal\/wp-json\/wp\/v2\/posts\/97449\/revisions"}],"predecessor-version":[{"id":97451,"href":"https:\/\/tvc16.com\/portal\/wp-json\/wp\/v2\/posts\/97449\/revisions\/97451"}],"wp:featuredmedia":[{"embeddable":true,"href":"https:\/\/tvc16.com\/portal\/wp-json\/wp\/v2\/media\/97450"}],"wp:attachment":[{"href":"https:\/\/tvc16.com\/portal\/wp-json\/wp\/v2\/media?parent=97449"}],"wp:term":[{"taxonomy":"category","embeddable":true,"href":"https:\/\/tvc16.com\/portal\/wp-json\/wp\/v2\/categories?post=97449"},{"taxonomy":"post_tag","embeddable":true,"href":"https:\/\/tvc16.com\/portal\/wp-json\/wp\/v2\/tags?post=97449"}],"curies":[{"name":"wp","href":"https:\/\/api.w.org\/{rel}","templated":true}]}}