{"id":97452,"date":"2025-01-17T08:09:23","date_gmt":"2025-01-17T11:09:23","guid":{"rendered":"https:\/\/tvc16.com\/portal\/?p=97452"},"modified":"2025-01-17T08:09:29","modified_gmt":"2025-01-17T11:09:29","slug":"pais-tem-4-mortes-confirmadas-por-dengue-em-2025-e-investiga-mais-62","status":"publish","type":"post","link":"https:\/\/tvc16.com\/portal\/2025\/01\/17\/pais-tem-4-mortes-confirmadas-por-dengue-em-2025-e-investiga-mais-62\/","title":{"rendered":"Pa\u00eds tem 4 mortes confirmadas por dengue em 2025 e investiga mais 62"},"content":{"rendered":"\n<p><em>Maioria dos casos concentra-se em S\u00e3o Paulo, local do primeiro \u00f3bito<\/em><\/p>\n\n\n\n<p>Por Guilherme Jeronymo \u2013 Rep\u00f3rter da Ag\u00eancia Brasil \/ Foto: Frame EBC<\/p>\n\n\n\n<p><\/p>\n\n\n\n<p>A rede de monitoramento para arboviroses do Minist\u00e9rio da Sa\u00fade investiga 62 mortes com a dengue como causa poss\u00edvel em 2025, ante quatro que j\u00e1 foram confirmados, com registro de sintomas iniciais neste ano, no qual j\u00e1 h\u00e1 mais de 55 mil casos poss\u00edveis da doen\u00e7a. O estado de S\u00e3o Paulo tem o maior n\u00famero de casos, 29.447, segundo a plataforma Painel de Monitoramento, da pasta.<br><br>Entre os pacientes paulistas, foi confirmada uma morte no munic\u00edpio de Gua\u00edra, e 51 \u00f3bitos ainda est\u00e3o em investiga\u00e7\u00e3o.<img decoding=\"async\" src=\"https:\/\/agenciabrasil.ebc.com.br\/ebc.png?id=1627065&amp;o=node\"><img decoding=\"async\" src=\"https:\/\/agenciabrasil.ebc.com.br\/ebc.gif?id=1627065&amp;o=node\"><\/p>\n\n\n\n<p>O \u00f3bito em Gua\u00edra ocorreu na \u00faltima ter\u00e7a-feira (14) e foi confirmado ontem pela prefeitura, que divulgou nota informando que intensificar\u00e1 as medidas de preven\u00e7\u00e3o no munic\u00edpio, que refor\u00e7ou a import\u00e2ncia da participa\u00e7\u00e3o da popula\u00e7\u00e3o para frear a doen\u00e7a. &#8220;De acordo com a Prefeitura, diretorias e departamentos foram mobilizados para ampliar as a\u00e7\u00f5es de preven\u00e7\u00e3o. &#8220;Estamos realizando visitas domiciliares, inspe\u00e7\u00f5es casa a casa e [passando] orienta\u00e7\u00f5es diretas aos moradores&#8221;, informou o diretor de Sa\u00fade, Cervantes da Silva Garcia.<\/p>\n\n\n\n<p>Ele tamb\u00e9m destacou a import\u00e2ncia da vacina contra a dengue, dispon\u00edvel em todos os postos de sa\u00fade para jovens entre 10 e 14 anos, conforme preconizado pelo Minist\u00e9rio da Sa\u00fade. &#8220;Vale lembrar que a vacina n\u00e3o substitui as medidas de preven\u00e7\u00e3o, pois o mosquito tamb\u00e9m \u00e9 vetor de outras doen\u00e7as, como zika e chikungunya&#8221;, afirmou.<\/p>\n\n\n\n<p>O munic\u00edpio de Gua\u00edra tem cerca de 40 mil habitantes e est\u00e1 localizado no norte do estado, pr\u00f3ximo da divisa com Minas Gerais e de cidades grandes da regi\u00e3o, como Ribeir\u00e3o Preto e Barretos. A prefeitura informou que h\u00e1 registro de 494 casos notificados, dos quais 183 negativos, 104 positivos e 207 suspeitos. H\u00e1 duas pessoas internadas na UTI (unidade de terapia intensiva) da Santa Casa de Miseric\u00f3rdia local.<\/p>\n\n\n\n<p>A informa\u00e7\u00e3o sobre a morte confirmada em Gua\u00edra ainda n\u00e3o aparece na ferramenta estadual de monitoramento, que indica 56 \u00f3bitos em investiga\u00e7\u00e3o e nenhum confirmado, apesar de haver 39 mil casos prov\u00e1veis da doen\u00e7a este ano.<br><br>Em nota, a Secretaria de Estado da Sa\u00fade de S\u00e3o Paulo informou que &#8220;monitora, de forma cont\u00ednua, o cen\u00e1rio da dengue e outras arboviroses no estado, considerando indicadores importantes para a avalia\u00e7\u00e3o do comportamento da epidemia&#8221;. Os dados de casos e \u00f3bitos pela doen\u00e7a s\u00e3o extra\u00eddos do Sistema de Informa\u00e7\u00e3o de Notifica\u00e7\u00e3o de Agravos do Minist\u00e9rio da Sa\u00fade, no qual os munic\u00edpios s\u00e3o respons\u00e1veis pelas notifica\u00e7\u00f5es e investiga\u00e7\u00f5es. Os resultados s\u00e3o atualizados diariamente e disponibilizados em boletins e pain\u00e9is informativos no portal&nbsp;<a href=\"http:\/\/dengue.saude.sp.gov.br\/\" target=\"_blank\" rel=\"noreferrer noopener\">dengue.saude.sp.gov.br<\/a>. Diverg\u00eancias de dados podem ocorrer por causa da periodicidade da atualiza\u00e7\u00e3o e de poss\u00edveis altera\u00e7\u00f5es nas fichas de notifica\u00e7\u00e3o de casos preenchidas pelos munic\u00edpios.<\/p>\n\n\n\n<p>A pasta estadual anunciou seu Plano de Conting\u00eancia das Arboviroses Urbanas para o bi\u00eanio 2025\/2026 na \u00faltima quarta-feira (15), quando reafirmou que o estado tem circula\u00e7\u00e3o confirmada dos sorotipos 1, 2 e 3 da doen\u00e7a, com maior preval\u00eancia do \u00faltimo. O estado tamb\u00e9m mant\u00e9m aten\u00e7\u00e3o para surto de gastroenterite no litoral e para o avan\u00e7o de casos de febre amarela em ambientes rurais nas regi\u00f5es de Campinas e Ribeir\u00e3o Preto.<br><\/p>\n","protected":false},"excerpt":{"rendered":"<p>Maioria dos casos concentra-se em S\u00e3o Paulo, local do primeiro \u00f3bito Por Guilherme Jeronymo \u2013<\/p>\n","protected":false},"author":2,"featured_media":97453,"comment_status":"open","ping_status":"open","sticky":false,"template":"","format":"standard","meta":{"footnotes":""},"categories":[17],"tags":[],"class_list":["post-97452","post","type-post","status-publish","format-standard","has-post-thumbnail","hentry","category-outras-noticias"],"_links":{"self":[{"href":"https:\/\/tvc16.com\/portal\/wp-json\/wp\/v2\/posts\/97452","targetHints":{"allow":["GET"]}}],"collection":[{"href":"https:\/\/tvc16.com\/portal\/wp-json\/wp\/v2\/posts"}],"about":[{"href":"https:\/\/tvc16.com\/portal\/wp-json\/wp\/v2\/types\/post"}],"author":[{"embeddable":true,"href":"https:\/\/tvc16.com\/portal\/wp-json\/wp\/v2\/users\/2"}],"replies":[{"embeddable":true,"href":"https:\/\/tvc16.com\/portal\/wp-json\/wp\/v2\/comments?post=97452"}],"version-history":[{"count":1,"href":"https:\/\/tvc16.com\/portal\/wp-json\/wp\/v2\/posts\/97452\/revisions"}],"predecessor-version":[{"id":97454,"href":"https:\/\/tvc16.com\/portal\/wp-json\/wp\/v2\/posts\/97452\/revisions\/97454"}],"wp:featuredmedia":[{"embeddable":true,"href":"https:\/\/tvc16.com\/portal\/wp-json\/wp\/v2\/media\/97453"}],"wp:attachment":[{"href":"https:\/\/tvc16.com\/portal\/wp-json\/wp\/v2\/media?parent=97452"}],"wp:term":[{"taxonomy":"category","embeddable":true,"href":"https:\/\/tvc16.com\/portal\/wp-json\/wp\/v2\/categories?post=97452"},{"taxonomy":"post_tag","embeddable":true,"href":"https:\/\/tvc16.com\/portal\/wp-json\/wp\/v2\/tags?post=97452"}],"curies":[{"name":"wp","href":"https:\/\/api.w.org\/{rel}","templated":true}]}}