{"id":9746,"date":"2021-01-18T21:45:06","date_gmt":"2021-01-19T00:45:06","guid":{"rendered":"https:\/\/tvc16.com\/portal\/?p=9746"},"modified":"2021-01-18T21:45:09","modified_gmt":"2021-01-19T00:45:09","slug":"governo-municipal-confirmou-que-o-cartao-merenda-certa-voltara-a-ser-recarregado-em-fevereiro-a-informacao-e-da-secretaria-municipal-de-educacao-marcia-palma-que-lembrou-que-legalmente-o-benefici","status":"publish","type":"post","link":"https:\/\/tvc16.com\/portal\/2021\/01\/18\/governo-municipal-confirmou-que-o-cartao-merenda-certa-voltara-a-ser-recarregado-em-fevereiro-a-informacao-e-da-secretaria-municipal-de-educacao-marcia-palma-que-lembrou-que-legalmente-o-benefici\/","title":{"rendered":"Governo municipal confirmou que o Cart\u00e3o Merenda Certa voltar\u00e1 a ser recarregado em fevereiro. A informa\u00e7\u00e3o \u00e9 da secret\u00e1ria Municipal de Educa\u00e7\u00e3o, M\u00e1rcia Palma, que lembrou que, legalmente, o benef\u00edcio n\u00e3o pode ser concedido em janeiro, por ser per\u00edodo de f\u00e9rias, segundo o calend\u00e1rio escolar"},"content":{"rendered":"\n<p><\/p>\n\n\n\n<p>\u201cTodo ano, em janeiro, como n\u00e3o temos aulas devido ao recesso escolar, n\u00e3o existe previs\u00e3o para a merenda. Mesmo se tratando de um cart\u00e3o, o procedimento \u00e9 o mesmo: sem previs\u00e3o or\u00e7ament\u00e1ria, a Secretaria de Educa\u00e7\u00e3o fica impossibilitada de oferecer o benef\u00edcio durante esse m\u00eas\u201d, explica a secret\u00e1ria.<\/p>\n\n\n\n<p>Sabendo da import\u00e2ncia do programa como aux\u00edlio no refor\u00e7o alimentar das crian\u00e7as que est\u00e3o fora do ambiente escolar devido \u00e0 pandemia, o governo municipal est\u00e1 agilizando todos os tr\u00e2mites necess\u00e1rios para garantir a formaliza\u00e7\u00e3o da administra\u00e7\u00e3o do Cart\u00e3o Merenda por empresa do ramo, o que garantir\u00e1 que a recarga do cart\u00e3o volte a ser feita j\u00e1 em fevereiro.<\/p>\n","protected":false},"excerpt":{"rendered":"<p>\u201cTodo ano, em janeiro, como n\u00e3o temos aulas devido ao recesso escolar, n\u00e3o existe previs\u00e3o<\/p>\n","protected":false},"author":2,"featured_media":9747,"comment_status":"open","ping_status":"open","sticky":false,"template":"","format":"standard","meta":{"footnotes":""},"categories":[12],"tags":[],"class_list":["post-9746","post","type-post","status-publish","format-standard","has-post-thumbnail","hentry","category-cidade"],"_links":{"self":[{"href":"https:\/\/tvc16.com\/portal\/wp-json\/wp\/v2\/posts\/9746","targetHints":{"allow":["GET"]}}],"collection":[{"href":"https:\/\/tvc16.com\/portal\/wp-json\/wp\/v2\/posts"}],"about":[{"href":"https:\/\/tvc16.com\/portal\/wp-json\/wp\/v2\/types\/post"}],"author":[{"embeddable":true,"href":"https:\/\/tvc16.com\/portal\/wp-json\/wp\/v2\/users\/2"}],"replies":[{"embeddable":true,"href":"https:\/\/tvc16.com\/portal\/wp-json\/wp\/v2\/comments?post=9746"}],"version-history":[{"count":1,"href":"https:\/\/tvc16.com\/portal\/wp-json\/wp\/v2\/posts\/9746\/revisions"}],"predecessor-version":[{"id":9748,"href":"https:\/\/tvc16.com\/portal\/wp-json\/wp\/v2\/posts\/9746\/revisions\/9748"}],"wp:featuredmedia":[{"embeddable":true,"href":"https:\/\/tvc16.com\/portal\/wp-json\/wp\/v2\/media\/9747"}],"wp:attachment":[{"href":"https:\/\/tvc16.com\/portal\/wp-json\/wp\/v2\/media?parent=9746"}],"wp:term":[{"taxonomy":"category","embeddable":true,"href":"https:\/\/tvc16.com\/portal\/wp-json\/wp\/v2\/categories?post=9746"},{"taxonomy":"post_tag","embeddable":true,"href":"https:\/\/tvc16.com\/portal\/wp-json\/wp\/v2\/tags?post=9746"}],"curies":[{"name":"wp","href":"https:\/\/api.w.org\/{rel}","templated":true}]}}