{"id":97460,"date":"2025-01-17T08:13:20","date_gmt":"2025-01-17T11:13:20","guid":{"rendered":"https:\/\/tvc16.com\/portal\/?p=97460"},"modified":"2025-01-17T08:13:40","modified_gmt":"2025-01-17T11:13:40","slug":"rio-tem-alta-de-36-no-total-de-tiroteios-nos-primeiros-15-dias-do-ano","status":"publish","type":"post","link":"https:\/\/tvc16.com\/portal\/2025\/01\/17\/rio-tem-alta-de-36-no-total-de-tiroteios-nos-primeiros-15-dias-do-ano\/","title":{"rendered":"Rio tem alta de 36% no total de tiroteios nos primeiros 15 dias do ano"},"content":{"rendered":"\n<p><em>N\u00fameros de mortos e feridos cresceu 36% e 106%, respectivamente<\/em><\/p>\n\n\n\n<p>Por Ag\u00eancia Brasil \/ Foto: Fernando Fraz\u00e3o\/Ag\u00eancia Brasil<\/p>\n\n\n\n<p><\/p>\n\n\n\n<p>Ao menos 135 tiroteios ocorreram na regi\u00e3o metropolitana do Rio de Janeiro nos primeiros 15 dias de 2025. O n\u00famero de registros representa aumento de 36% na compara\u00e7\u00e3o com a primeira quinzena de 2024, com 99 tiroteios, segundo levantamento do Instituto Fogo Cruzado.<img decoding=\"async\" src=\"https:\/\/agenciabrasil.ebc.com.br\/ebc.png?id=1627029&amp;o=node\"><img decoding=\"async\" src=\"https:\/\/agenciabrasil.ebc.com.br\/ebc.gif?id=1627029&amp;o=node\"><\/p>\n\n\n\n<p>O total de mortos e feridos tamb\u00e9m teve crescimento, com aumentos de 36% e de 106%, respectivamente. Dos 70 baleados em 2025, 35 morreram e 35 ficaram feridos. Em 2024, nos primeiros 15 dias do ano, dos 43 baleados no Grande Rio, 26 morreram e 17 ficaram feridos.<\/p>\n\n\n\n<p>Dos 135 tiroteios da primeira quinzena do ano, 47 ocorreram durante a\u00e7\u00f5es ou opera\u00e7\u00f5es policiais, deixando oito pessoas mortas e 24 feridas. Outros 15 registros ocorreram em meio a disputas entre grupos armados, resultando em quatro pessoas mortas e tr\u00eas feridas.<\/p>\n\n\n\n<h2 class=\"wp-block-heading\">V\u00edtimas<\/h2>\n\n\n\n<p>Entre os 70 baleados mapeados na primeira quinzena, tr\u00eas eram agentes de seguran\u00e7a, dos quais dois morreram e um ficou ferido. Houve ainda oito pessoas atingidas por balas perdidas: duas morreram e seis ficaram feridas.<\/p>\n\n\n\n<p>A zona norte do Rio concentrou 43% dos tiroteios mapeados nesta primeira quinzena do ano.&nbsp;Dos 58 tiroteios ocorridos na zona norte, 15,5% deles (9) ocorreram em Vila Isabel, onde fica o Morro dos Macacos, que, desde o ano passado, tem sido palco de intensos confrontos entre grupos armados que disputam o controle territorial. O bairro encabe\u00e7a a lista entre os mais afetados pela viol\u00eancia armada nestes primeiros 15 dias de 2025.<br><\/p>\n","protected":false},"excerpt":{"rendered":"<p>N\u00fameros de mortos e feridos cresceu 36% e 106%, respectivamente Por Ag\u00eancia Brasil \/ Foto:<\/p>\n","protected":false},"author":2,"featured_media":97461,"comment_status":"open","ping_status":"open","sticky":false,"template":"","format":"standard","meta":{"footnotes":""},"categories":[17],"tags":[],"class_list":["post-97460","post","type-post","status-publish","format-standard","has-post-thumbnail","hentry","category-outras-noticias"],"_links":{"self":[{"href":"https:\/\/tvc16.com\/portal\/wp-json\/wp\/v2\/posts\/97460","targetHints":{"allow":["GET"]}}],"collection":[{"href":"https:\/\/tvc16.com\/portal\/wp-json\/wp\/v2\/posts"}],"about":[{"href":"https:\/\/tvc16.com\/portal\/wp-json\/wp\/v2\/types\/post"}],"author":[{"embeddable":true,"href":"https:\/\/tvc16.com\/portal\/wp-json\/wp\/v2\/users\/2"}],"replies":[{"embeddable":true,"href":"https:\/\/tvc16.com\/portal\/wp-json\/wp\/v2\/comments?post=97460"}],"version-history":[{"count":1,"href":"https:\/\/tvc16.com\/portal\/wp-json\/wp\/v2\/posts\/97460\/revisions"}],"predecessor-version":[{"id":97462,"href":"https:\/\/tvc16.com\/portal\/wp-json\/wp\/v2\/posts\/97460\/revisions\/97462"}],"wp:featuredmedia":[{"embeddable":true,"href":"https:\/\/tvc16.com\/portal\/wp-json\/wp\/v2\/media\/97461"}],"wp:attachment":[{"href":"https:\/\/tvc16.com\/portal\/wp-json\/wp\/v2\/media?parent=97460"}],"wp:term":[{"taxonomy":"category","embeddable":true,"href":"https:\/\/tvc16.com\/portal\/wp-json\/wp\/v2\/categories?post=97460"},{"taxonomy":"post_tag","embeddable":true,"href":"https:\/\/tvc16.com\/portal\/wp-json\/wp\/v2\/tags?post=97460"}],"curies":[{"name":"wp","href":"https:\/\/api.w.org\/{rel}","templated":true}]}}