{"id":97469,"date":"2025-01-17T08:27:11","date_gmt":"2025-01-17T11:27:11","guid":{"rendered":"https:\/\/tvc16.com\/portal\/?p=97469"},"modified":"2025-01-17T08:27:12","modified_gmt":"2025-01-17T11:27:12","slug":"prefeitura-de-petropolis-realiza-acoes-de-saude-mental-no-janeiro-branco","status":"publish","type":"post","link":"https:\/\/tvc16.com\/portal\/2025\/01\/17\/prefeitura-de-petropolis-realiza-acoes-de-saude-mental-no-janeiro-branco\/","title":{"rendered":"Prefeitura de Petr\u00f3polis realiza a\u00e7\u00f5es de sa\u00fade mental no Janeiro Branco"},"content":{"rendered":"\n<p><em>A programa\u00e7\u00e3o conta com atividades de diversas secretarias e buscam consientizar sobre a import\u00e2ncia dos cuidados mentais.<\/em><\/p>\n\n\n\n<p>A partir desta segunda quinzena de janeiro, a Prefeitura, por meio das secretarias de Sa\u00fade, da Mulher e do Esporte, dar\u00e3o in\u00edcio a uma s\u00e9rie de a\u00e7\u00f5es voltadas para a promo\u00e7\u00e3o da sa\u00fade mental da popula\u00e7\u00e3o. As a\u00e7\u00f5es fazem parte da campanha Janeiro Branco, que busca conscientizar sobre a import\u00e2ncia do cuidado psicol\u00f3gico e emocional.<\/p>\n\n\n\n<p>\u201cNosso objetivo \u00e9 promover um espa\u00e7o de acolhimento integrando as secretarias em a\u00e7\u00f5es conjuntas para sensibilizar a popula\u00e7\u00e3o sobre a import\u00e2ncia da sa\u00fade mental\u201d, disse o prefeito Hingo Hammes. As a\u00e7\u00f5es ser\u00e3o realizadas em diversas unidades, com rodas de conversa e debates que visam aproximar a popula\u00e7\u00e3o do tema.<\/p>\n\n\n\n<p>Al\u00e9m das a\u00e7\u00f5es nas UBS e ESFs, na pr\u00f3xima sexta-feira (17), no Centro de Sa\u00fade (Rua Santos Dumont), o evento ser\u00e1 voltado para a sa\u00fade mental dos profissionais de sa\u00fade. A a\u00e7\u00e3o \u00e9 organizada por uma parceria entre a Coordena\u00e7\u00e3o das Equipes Multiprofissionais da Aten\u00e7\u00e3o B\u00e1sica (eMulti), o Departamento de Sa\u00fade Mental, o Departamento de Aten\u00e7\u00e3o B\u00e1sica e a Sa\u00fade do Trabalhador.<\/p>\n\n\n\n<p>\u201cEssas atividades t\u00eam um papel fundamental na preven\u00e7\u00e3o e no cuidado com a sa\u00fade mental, especialmente em tempos de tanta press\u00e3o e desafios di\u00e1rios. \u00c9 importante que todos se sintam acolhidos e saibam onde buscar apoio\u201d, destaca o secret\u00e1rio de Sa\u00fade, Luis Cruzick.<\/p>\n\n\n\n<p>Na Secretaria de Pol\u00edticas para as Mulheres, no dia 24 de janeiro, \u00e0s 10h, a Prefeitura tamb\u00e9m ir\u00e1 oferecer uma palestra sobre Sa\u00fade Mental com a psic\u00f3loga Ana Clara Bittencourt. Ap\u00f3s a palestra, haver\u00e1 tamb\u00e9m uma oficina.<\/p>\n\n\n\n<p>J\u00e1 no Centro de Inicia\u00e7\u00e3o ao Esporte (CIE) Caxambu, nos pr\u00f3ximos dias 19 de janeiro e 02 de fevereiro, o Projeto Help em parceria com o Projeto Esportes FJU, com apoio da secretaria de Esportes, ir\u00e1 promover um torneio de futebol para comunidades, al\u00e9m de palestras da For\u00e7a Jovem Universal e atividades culturais. O programa tamb\u00e9m ir\u00e1 oferecer durante todo o evento apoio emocional atrav\u00e9s de a\u00e7\u00f5es e atendimentos.<\/p>\n\n\n\n<p>Programa\u00e7\u00e3o<br>Janeiro Branco \u2013 Programa\u00e7\u00e3o nas unidades de Sa\u00fade:<\/p>\n\n\n\n<p>UBS Itaipava:<br>\u2022 Rodas de Conversa:<br>Ter\u00e7as-feiras: dias 7, 14, 21 e 28, \u00e0s 17h, com a psic\u00f3loga Gabriela Corr\u00eaa.<br>Sextas-feiras: dias 10, 17, 24 e 31, \u00e0s 10h, com a psic\u00f3loga Gabriela Corr\u00eaa.<br>Dia 20 de janeiro, \u00e0s 10h, com a Assistente Social Fernanda Gioia e a psic\u00f3loga Fernanda Judice.<\/p>\n\n\n\n<p>Alto da Serra:<br>\u2022 Roda de Conversa:<br>Dia 22 de janeiro, no per\u00edodo da tarde, com a psic\u00f3loga Joana Klippel.<\/p>\n\n\n\n<p>PSF Oswaldo Cruz:<br>\u2022 Roda de Conversa sobre Sa\u00fade Mental com Caf\u00e9 da Manh\u00e3:<br>Dia 29 de janeiro, com a psic\u00f3loga Talita Reis.<\/p>\n\n\n\n<p>UBS Quitandinha:<br>\u2022 Sala de Espera sobre Sa\u00fade Mental:<br>Dia 22 de janeiro, \u00e0s 14h, na unidade.<\/p>\n\n\n\n<p>Centro de Sa\u00fade:<br>\u2022 Palestra para os pacientes:<br>Dia 31 de janeiro, com a psic\u00f3loga Regina Barragat e a m\u00e9dica Patr\u00edcia Musmanno.<\/p>\n\n\n\n<p>*Secretaria da Mulher<\/p>\n\n\n\n<p>Secretaria da Mulher<br>\u2022 Palestra para mulheres e oficina para constru\u00e7\u00e3o de chaveiros motivacionais.<br>Dia 24 de janeiro, \u00e0s 10h, com a psic\u00f3loga Ana Clara Bittencourt.<\/p>\n\n\n\n<p>CIE Caxambu<\/p>\n\n\n\n<p>\u2022 Torneio de futebol com palestras FJU e atendimentos sobre problemas emocionais<br>Dia 19 de janeiro e 02 de fevereiro, a partir das 12h.<\/p>\n","protected":false},"excerpt":{"rendered":"<p>A programa\u00e7\u00e3o conta com atividades de diversas secretarias e buscam consientizar sobre a import\u00e2ncia dos<\/p>\n","protected":false},"author":2,"featured_media":97470,"comment_status":"open","ping_status":"open","sticky":false,"template":"","format":"standard","meta":{"footnotes":""},"categories":[12],"tags":[],"class_list":["post-97469","post","type-post","status-publish","format-standard","has-post-thumbnail","hentry","category-cidade"],"_links":{"self":[{"href":"https:\/\/tvc16.com\/portal\/wp-json\/wp\/v2\/posts\/97469","targetHints":{"allow":["GET"]}}],"collection":[{"href":"https:\/\/tvc16.com\/portal\/wp-json\/wp\/v2\/posts"}],"about":[{"href":"https:\/\/tvc16.com\/portal\/wp-json\/wp\/v2\/types\/post"}],"author":[{"embeddable":true,"href":"https:\/\/tvc16.com\/portal\/wp-json\/wp\/v2\/users\/2"}],"replies":[{"embeddable":true,"href":"https:\/\/tvc16.com\/portal\/wp-json\/wp\/v2\/comments?post=97469"}],"version-history":[{"count":1,"href":"https:\/\/tvc16.com\/portal\/wp-json\/wp\/v2\/posts\/97469\/revisions"}],"predecessor-version":[{"id":97471,"href":"https:\/\/tvc16.com\/portal\/wp-json\/wp\/v2\/posts\/97469\/revisions\/97471"}],"wp:featuredmedia":[{"embeddable":true,"href":"https:\/\/tvc16.com\/portal\/wp-json\/wp\/v2\/media\/97470"}],"wp:attachment":[{"href":"https:\/\/tvc16.com\/portal\/wp-json\/wp\/v2\/media?parent=97469"}],"wp:term":[{"taxonomy":"category","embeddable":true,"href":"https:\/\/tvc16.com\/portal\/wp-json\/wp\/v2\/categories?post=97469"},{"taxonomy":"post_tag","embeddable":true,"href":"https:\/\/tvc16.com\/portal\/wp-json\/wp\/v2\/tags?post=97469"}],"curies":[{"name":"wp","href":"https:\/\/api.w.org\/{rel}","templated":true}]}}