{"id":97474,"date":"2025-01-17T08:42:24","date_gmt":"2025-01-17T11:42:24","guid":{"rendered":"https:\/\/tvc16.com\/portal\/?p=97474"},"modified":"2025-01-17T08:43:06","modified_gmt":"2025-01-17T11:43:06","slug":"rua-tem-pavimentacao-recuperada-apos-temporal-na-posse","status":"publish","type":"post","link":"https:\/\/tvc16.com\/portal\/2025\/01\/17\/rua-tem-pavimentacao-recuperada-apos-temporal-na-posse\/","title":{"rendered":"Rua tem pavimenta\u00e7\u00e3o recuperada ap\u00f3s temporal na Posse"},"content":{"rendered":"\n<p><em>Desde o dia 2, equipes das secretarias de Obras, Defesa Civil, Comdep e Assist\u00eancia Social atuaram no apoio aos moradores da regi\u00e3o<\/em><\/p>\n\n\n\n<p>A equipe da secretaria de Obras da Prefeitura de Petr\u00f3polis finaliza nesta quinta-feira (16), a recupera\u00e7\u00e3o da pavimenta\u00e7\u00e3o que foi completamente destru\u00edda em algumas ruas do bairro Nossa Senhora de F\u00e1tima, no distrito da Posse. No dia 2, a for\u00e7a da enxurrada foi t\u00e3o intensa que arrancou boa parte do cal\u00e7amento e chegou a arrastar um carro.<\/p>\n\n\n\n<p>\u201cDesde o primeiro momento, fomos at\u00e9 o bairro Nossa Senhora de F\u00e1tima, ouvimos os moradores, tomamos conhecimento da dimens\u00e3o dos estragos e estamos trabalhando intensamente na recupera\u00e7\u00e3o da normalidade na vida dessas pessoas. Quatro secretarias foram envolvidas nesse processo e vem atuando incansavelmente desde ent\u00e3o\u201d, disse o prefeito Hingo Hammes.<\/p>\n\n\n\n<p>Em conjunto com a Companhia Municipal de Desenvolvimento de Petr\u00f3polis &#8211; Comdep, a Assist\u00eancia e a Defesa Civil, a secretaria de Obras vem atuando na limpeza das ruas e na assist\u00eancia aos moradores atingidos pelo temporal.<\/p>\n\n\n\n<p>\u201cJ\u00e1 no dia seguinte, junto com a Comdep, come\u00e7amos o trabalho de recupera\u00e7\u00e3o das ruas, fazendo o trabalho de tapa buracos com asfalto e de recupera\u00e7\u00e3o de um trecho de 150 metros da rua que, originalmente era revestida por piso intertravado e que acabou sendo arrastado pela correnteza que se formou no dia do temporal. J\u00e1 nesta quarta-feira (15) come\u00e7amos o processo de asfaltamento com a primeira camada e, a depender das condi\u00e7\u00f5es clim\u00e1ticas, esse processo vai ser conclu\u00eddo ainda nesta quinta-feira\u201d, afirmou o secret\u00e1rio de Obras, Maur\u00edcio Veiga.<\/p>\n","protected":false},"excerpt":{"rendered":"<p>Desde o dia 2, equipes das secretarias de Obras, Defesa Civil, Comdep e Assist\u00eancia Social<\/p>\n","protected":false},"author":2,"featured_media":97477,"comment_status":"open","ping_status":"open","sticky":false,"template":"","format":"standard","meta":{"footnotes":""},"categories":[12],"tags":[],"class_list":["post-97474","post","type-post","status-publish","format-standard","has-post-thumbnail","hentry","category-cidade"],"_links":{"self":[{"href":"https:\/\/tvc16.com\/portal\/wp-json\/wp\/v2\/posts\/97474","targetHints":{"allow":["GET"]}}],"collection":[{"href":"https:\/\/tvc16.com\/portal\/wp-json\/wp\/v2\/posts"}],"about":[{"href":"https:\/\/tvc16.com\/portal\/wp-json\/wp\/v2\/types\/post"}],"author":[{"embeddable":true,"href":"https:\/\/tvc16.com\/portal\/wp-json\/wp\/v2\/users\/2"}],"replies":[{"embeddable":true,"href":"https:\/\/tvc16.com\/portal\/wp-json\/wp\/v2\/comments?post=97474"}],"version-history":[{"count":1,"href":"https:\/\/tvc16.com\/portal\/wp-json\/wp\/v2\/posts\/97474\/revisions"}],"predecessor-version":[{"id":97476,"href":"https:\/\/tvc16.com\/portal\/wp-json\/wp\/v2\/posts\/97474\/revisions\/97476"}],"wp:featuredmedia":[{"embeddable":true,"href":"https:\/\/tvc16.com\/portal\/wp-json\/wp\/v2\/media\/97477"}],"wp:attachment":[{"href":"https:\/\/tvc16.com\/portal\/wp-json\/wp\/v2\/media?parent=97474"}],"wp:term":[{"taxonomy":"category","embeddable":true,"href":"https:\/\/tvc16.com\/portal\/wp-json\/wp\/v2\/categories?post=97474"},{"taxonomy":"post_tag","embeddable":true,"href":"https:\/\/tvc16.com\/portal\/wp-json\/wp\/v2\/tags?post=97474"}],"curies":[{"name":"wp","href":"https:\/\/api.w.org\/{rel}","templated":true}]}}