{"id":9749,"date":"2021-01-18T21:54:33","date_gmt":"2021-01-19T00:54:33","guid":{"rendered":"https:\/\/tvc16.com\/portal\/?p=9749"},"modified":"2021-01-18T21:54:36","modified_gmt":"2021-01-19T00:54:36","slug":"rio-da-inicio-a-vacinacao-contra-a-covid-19-aos-pes-do-cristo","status":"publish","type":"post","link":"https:\/\/tvc16.com\/portal\/2021\/01\/18\/rio-da-inicio-a-vacinacao-contra-a-covid-19-aos-pes-do-cristo\/","title":{"rendered":"Rio d\u00e1 in\u00edcio \u00e0 vacina\u00e7\u00e3o contra a covid-19 aos p\u00e9s do Cristo"},"content":{"rendered":"\n<h3 class=\"wp-block-heading\">Uma enfermeira e uma idosa moradora de abrigo foram vacinadas<\/h3>\n\n\n\n<p>O estado do Rio de Janeiro deu in\u00edcio oficial \u00e0 vacina\u00e7\u00e3o contra a covid-19, nesta segunda-feira (18), em cerim\u00f4nia realizada aos p\u00e9s do monumento do Cristo Redentor.<img decoding=\"async\" src=\"https:\/\/agenciabrasil.ebc.com.br\/ebc.png?id=1399035&amp;o=node\"><img decoding=\"async\" src=\"https:\/\/agenciabrasil.ebc.com.br\/ebc.gif?id=1399035&amp;o=node\"><\/p>\n\n\n\n<p>As primeiras pessoas do estado a receberem a vacina, \u00e0s 18h22, foram a t\u00e9cnica de enfermagem Dulcinea da Silva Lopes, 59 anos, que trabalha no Hospital Ronaldo Gazola, e a idosa Teresinha da Concei\u00e7\u00e3o, 80 anos, moradora do Abrigo Cristo Redentor. As doses foram aplicadas pela enfermeira Adelia Maria dos Santos e pelo primeiro-tenente bombeiro Angelo da Silva.<\/p>\n\n\n\n<p>Ap\u00f3s ser vacinada, Dulcinea falou sobre como estava se sentindo.&nbsp;&#8220;A emo\u00e7\u00e3o, n\u00e3o tem como descrever. Aos p\u00e9s do Cristo Redentor, onde eu nunca tinha vindo. Todos os profissionais de sa\u00fade, n\u00e3o s\u00f3 os que est\u00e3o na linha de frente, devem ser vacinados. A gente continua forte. Tem que ter garra para poder trabalhar na enfermagem em um momento desses&#8221;, disse a enfermeira.<\/p>\n\n\n\n<p>O governador do Rio, Cl\u00e1udio Castro, o prefeito, Eduardo Paes, e o arcebispo do Rio, dom Orani Tempesta, estiveram presente na abertura da vacina\u00e7\u00e3o na capital fluminense.<\/p>\n\n\n\n<p>O estado do Rio receber\u00e1 487.520 doses, direcionadas aos grupos priorit\u00e1rios: trabalhadores da sa\u00fade que atendem pacientes de covid-19, idosos em abrigos de longa perman\u00eancia e ind\u00edgenas aldeados.<\/p>\n\n\n\n<p>Caber\u00e1 \u00e0 cidade do Rio, inicialmente, 231 mil doses da vacina, sendo que 110 mil ser\u00e3o entregues numa primeira remessa. Devido a esse n\u00famero restrito inicialmente, a Secretaria Municipal de Sa\u00fade decidiu priorizar os profissionais de sa\u00fade da linha de frente, que somam 102 mil pessoas, e pessoas acima de 60 anos que vivem em abrigos, representando mais 8 mil pessoas e que ser\u00e3o vacinados nos pr\u00f3prios abrigos e asilos onde vivem.<\/p>\n\n\n\n<p>A previs\u00e3o da secretaria \u00e9 de que, assim que a primeira remessa chegar, a vacina\u00e7\u00e3o desse grupo priorit\u00e1rio dever\u00e1 ser conclu\u00edda em<a href=\"https:\/\/agenciabrasil.ebc.com.br\/saude\/noticia\/2021-01\/covid-19%3A-rio-de-janeiro-preve-aplicacao-do-primeiro-lote-ate-sabado\" target=\"_blank\" rel=\"noreferrer noopener\">&nbsp;tr\u00eas ou quatro dias<\/a>. Na quarta-feira (20), feriado do padroeiro da cidade, S\u00e3o Sebasti\u00e3o, as equipes das unidades de Aten\u00e7\u00e3o Prim\u00e1ria (cl\u00ednicas da fam\u00edlia e centros municipais de sa\u00fade) v\u00e3o trabalhar e levar a vacina \u00e0s institui\u00e7\u00f5es de longa perman\u00eancia cadastradas.<\/p>\n\n\n\n<p>Assista na&nbsp;<strong>TV Brasil<\/strong>:<\/p>\n\n\n\n<figure class=\"wp-block-embed is-type-rich is-provider-incorporar-manipulador wp-block-embed-incorporar-manipulador wp-embed-aspect-16-9 wp-has-aspect-ratio\"><div class=\"wp-block-embed__wrapper\">\n<iframe loading=\"lazy\" title=\"Cristo Redentor foi escolhido para marcar in\u00edcio da vacina\u00e7\u00e3o no Rio\" width=\"640\" height=\"360\" src=\"https:\/\/www.youtube.com\/embed\/-_6mTpbMCAY?feature=oembed\" frameborder=\"0\" allow=\"accelerometer; autoplay; clipboard-write; encrypted-media; gyroscope; picture-in-picture; web-share\" referrerpolicy=\"strict-origin-when-cross-origin\" allowfullscreen><\/iframe>\n<\/div><\/figure>\n\n\n\n<figure class=\"wp-block-image\"><img decoding=\"async\" src=\"https:\/\/imagens.ebc.com.br\/KVFE5cD5EZFpuPpLI8ORq83W4WI=\/754x0\/smart\/https:\/\/agenciabrasil.ebc.com.br\/sites\/default\/files\/thumbnails\/image\/tabelav2.png?itok=jJkY7tV-\" alt=\"Vacina\u00e7\u00e3o no Brasil.\" title=\"Arte\/Ag\u00eancia Brasil\"\/><\/figure>\n\n\n\n<p>Vacina\u00e7\u00e3o no Brasil. &#8211;\u00a0<strong>Arte\/Ag\u00eancia Brasil<\/strong><\/p>\n\n\n\n<p>Por Vladimir Platonow &#8211; Rep\u00f3rter da Ag\u00eancia Brasil &#8211; Rio de Janeiro<\/p>\n\n\n\n<p>Edi\u00e7\u00e3o: F\u00e1bio Massalli<\/p>\n","protected":false},"excerpt":{"rendered":"<p>Uma enfermeira e uma idosa moradora de abrigo foram vacinadas O estado do Rio de<\/p>\n","protected":false},"author":2,"featured_media":9751,"comment_status":"open","ping_status":"open","sticky":false,"template":"","format":"standard","meta":{"footnotes":""},"categories":[17],"tags":[],"class_list":["post-9749","post","type-post","status-publish","format-standard","has-post-thumbnail","hentry","category-outras-noticias"],"_links":{"self":[{"href":"https:\/\/tvc16.com\/portal\/wp-json\/wp\/v2\/posts\/9749","targetHints":{"allow":["GET"]}}],"collection":[{"href":"https:\/\/tvc16.com\/portal\/wp-json\/wp\/v2\/posts"}],"about":[{"href":"https:\/\/tvc16.com\/portal\/wp-json\/wp\/v2\/types\/post"}],"author":[{"embeddable":true,"href":"https:\/\/tvc16.com\/portal\/wp-json\/wp\/v2\/users\/2"}],"replies":[{"embeddable":true,"href":"https:\/\/tvc16.com\/portal\/wp-json\/wp\/v2\/comments?post=9749"}],"version-history":[{"count":1,"href":"https:\/\/tvc16.com\/portal\/wp-json\/wp\/v2\/posts\/9749\/revisions"}],"predecessor-version":[{"id":9752,"href":"https:\/\/tvc16.com\/portal\/wp-json\/wp\/v2\/posts\/9749\/revisions\/9752"}],"wp:featuredmedia":[{"embeddable":true,"href":"https:\/\/tvc16.com\/portal\/wp-json\/wp\/v2\/media\/9751"}],"wp:attachment":[{"href":"https:\/\/tvc16.com\/portal\/wp-json\/wp\/v2\/media?parent=9749"}],"wp:term":[{"taxonomy":"category","embeddable":true,"href":"https:\/\/tvc16.com\/portal\/wp-json\/wp\/v2\/categories?post=9749"},{"taxonomy":"post_tag","embeddable":true,"href":"https:\/\/tvc16.com\/portal\/wp-json\/wp\/v2\/tags?post=9749"}],"curies":[{"name":"wp","href":"https:\/\/api.w.org\/{rel}","templated":true}]}}