{"id":97493,"date":"2025-01-18T10:00:00","date_gmt":"2025-01-18T13:00:00","guid":{"rendered":"https:\/\/tvc16.com\/portal\/?p=97493"},"modified":"2025-01-17T23:09:06","modified_gmt":"2025-01-18T02:09:06","slug":"cefet-rj-petropolis-oferta-270-vagas-de-graduacao","status":"publish","type":"post","link":"https:\/\/tvc16.com\/portal\/2025\/01\/18\/cefet-rj-petropolis-oferta-270-vagas-de-graduacao\/","title":{"rendered":"Cefet\/RJ Petr\u00f3polis oferta 270 vagas de gradua\u00e7\u00e3o"},"content":{"rendered":"\n<p>Vagas s\u00e3o para os cursos de Bacharelado em Turismo, Engenharia de Computa\u00e7\u00e3o, Licenciatura em F\u00edsica e Licenciatura em Matem\u00e1tica<\/p>\n\n\n\n<p><\/p>\n\n\n\n<p>O Cefet\/RJ divulgou o edital n\u00ba 01\/2025, referente ao processo seletivo dos cursos de gradua\u00e7\u00e3o pelo Sistema de Sele\u00e7\u00e3o Unificada (Sisu). Ao todo, a unidade Petr\u00f3polis disponibiliza 270 vagas, divididas em dois semestres e distribu\u00eddas em quatro cursos de gradua\u00e7\u00e3o: Bacharelado em Turismo (80), Bacharelado em Engenharia de Computa\u00e7\u00e3o (70), Licenciatura em F\u00edsica (60) e Licenciatura em Matem\u00e1tica (60). Os estudantes que prestaram o Exame Nacional do Ensino M\u00e9dio (Enem) em 2024 poder\u00e3o se inscrever no Sisu entre os dias 17 e 21 de janeiro.<\/p>\n\n\n\n<p>As inscri\u00e7\u00f5es devem ser realizadas exclusivamente pela internet, por meio do Portal do Minist\u00e9rio da Educa\u00e7\u00e3o, no endere\u00e7o https:\/\/acessounico.mec.gov.br\/sisu. H\u00e1 vagas para ampla concorr\u00eancia e oito modalidades de cotas, conforme os crit\u00e9rios estabelecidos pelo edital do Cefet\/RJ. Al\u00e9m de Petr\u00f3polis, h\u00e1 vagas em mais sete unidades do sistema Cefet\/RJ (Maracan\u00e3, Maria da Gra\u00e7a, Nova Igua\u00e7u, Nova Friburgo, Itagua\u00ed, Angra dos Reis e Valen\u00e7a).<\/p>\n\n\n\n<p>A Chamada Regular est\u00e1 prevista para o dia 26 de janeiro. As matr\u00edculas dos candidatos selecionados ocorrer\u00e3o ap\u00f3s o procedimento de heteroidentifica\u00e7\u00e3o \u2013 para candidatos autodeclarados pretos, pardos, ind\u00edgenas ou outras etnias \u2013 e dever\u00e3o ser efetivadas entre 24 a 28 de fevereiro, exclusivamente pela internet, pelo site https:\/\/processoseletivo.cefet-rj.br\/.<\/p>\n\n\n\n<p>O candidato que n\u00e3o conseguir vaga na Chamada Regular e que quiser constar na Lista de Espera do Sisu dever\u00e1 confirmar seu interesse entre os dias 26 a 31 de janeiro.<\/p>\n\n\n\n<p>Maiores informa\u00e7\u00f5es e acesso ao edital na p\u00e1gina do processo seletivo.<\/p>\n","protected":false},"excerpt":{"rendered":"<p>Vagas s\u00e3o para os cursos de Bacharelado em Turismo, Engenharia de Computa\u00e7\u00e3o, Licenciatura em F\u00edsica<\/p>\n","protected":false},"author":2,"featured_media":97494,"comment_status":"open","ping_status":"open","sticky":false,"template":"","format":"standard","meta":{"footnotes":""},"categories":[12,1],"tags":[],"class_list":["post-97493","post","type-post","status-publish","format-standard","has-post-thumbnail","hentry","category-cidade","category-uncategorized"],"_links":{"self":[{"href":"https:\/\/tvc16.com\/portal\/wp-json\/wp\/v2\/posts\/97493","targetHints":{"allow":["GET"]}}],"collection":[{"href":"https:\/\/tvc16.com\/portal\/wp-json\/wp\/v2\/posts"}],"about":[{"href":"https:\/\/tvc16.com\/portal\/wp-json\/wp\/v2\/types\/post"}],"author":[{"embeddable":true,"href":"https:\/\/tvc16.com\/portal\/wp-json\/wp\/v2\/users\/2"}],"replies":[{"embeddable":true,"href":"https:\/\/tvc16.com\/portal\/wp-json\/wp\/v2\/comments?post=97493"}],"version-history":[{"count":1,"href":"https:\/\/tvc16.com\/portal\/wp-json\/wp\/v2\/posts\/97493\/revisions"}],"predecessor-version":[{"id":97495,"href":"https:\/\/tvc16.com\/portal\/wp-json\/wp\/v2\/posts\/97493\/revisions\/97495"}],"wp:featuredmedia":[{"embeddable":true,"href":"https:\/\/tvc16.com\/portal\/wp-json\/wp\/v2\/media\/97494"}],"wp:attachment":[{"href":"https:\/\/tvc16.com\/portal\/wp-json\/wp\/v2\/media?parent=97493"}],"wp:term":[{"taxonomy":"category","embeddable":true,"href":"https:\/\/tvc16.com\/portal\/wp-json\/wp\/v2\/categories?post=97493"},{"taxonomy":"post_tag","embeddable":true,"href":"https:\/\/tvc16.com\/portal\/wp-json\/wp\/v2\/tags?post=97493"}],"curies":[{"name":"wp","href":"https:\/\/api.w.org\/{rel}","templated":true}]}}