{"id":97499,"date":"2025-01-18T12:00:00","date_gmt":"2025-01-18T15:00:00","guid":{"rendered":"https:\/\/tvc16.com\/portal\/?p=97499"},"modified":"2025-01-17T23:09:51","modified_gmt":"2025-01-18T02:09:51","slug":"unita-cobra-plano-de-contingencia-da-enel-para-o-verao","status":"publish","type":"post","link":"https:\/\/tvc16.com\/portal\/2025\/01\/18\/unita-cobra-plano-de-contingencia-da-enel-para-o-verao\/","title":{"rendered":"UNITA cobra Plano de Conting\u00eancia da Enel para o Ver\u00e3o"},"content":{"rendered":"\n<p><em>Entidade quer detalhamento das a\u00e7\u00f5es de preven\u00e7\u00e3o e de resposta em caso de temporais<\/em><\/p>\n\n\n\n<p>A Unidos por Itaipava (UNITA) aponta&nbsp; aus\u00eancia de retorno da Enel Distribui\u00e7\u00e3o Rio com detalhamento sobre o plano de conting\u00eancia para o ver\u00e3o, principalmente para os distritos. A entidade, que re\u00fane empres\u00e1rios de v\u00e1rios segmentos em prol do desenvolvimento de Itaipava, oficiou a concession\u00e1ria de energia el\u00e9trica em novembro do ano passado, ap\u00f3s um apag\u00e3o de grandes propor\u00e7\u00f5es na capital paulista onde a empresa tamb\u00e9m \u00e9 prestadora de servi\u00e7os e que n\u00e3o teve uma resposta condizente em restabelecimento de energia, segundo \u00f3rg\u00e3os reguladores. O documento solicitava informa\u00e7\u00f5es detalhadas sobre o plano de conting\u00eancia para o ver\u00e3o que, historicamente, causa apag\u00f5es prolongados em Petr\u00f3polis. At\u00e9 o momento, a concession\u00e1ria n\u00e3o se manifestou, gerando d\u00favidas sobre a efic\u00e1cia das medidas preventivas e a capacidade de resposta em casos de emerg\u00eancia.<\/p>\n\n\n\n<p>A entidade refor\u00e7a que as chuvas de ver\u00e3o costumam provocar quedas de energia que afetam moradores, comerciantes e turistas na cidade. Em 2023, por exemplo, bairros inteiros ficaram at\u00e9 10 dias sem luz ap\u00f3s um temporal, causando graves preju\u00edzos e transtornos. A situa\u00e7\u00e3o levou a protestos, ao desabastecimento de \u00e1gua e \u00e0 aplica\u00e7\u00e3o de uma multa milion\u00e1ria \u00e0 Enel pelo Procon Petr\u00f3polis, al\u00e9m de a\u00e7\u00f5es individuais de consumidores reclamando preju\u00edzos.<\/p>\n\n\n\n<p>\u201cHouve a olhos vistos uma maior presen\u00e7a de equipes da concession\u00e1ria nos \u00faltimos meses nas ruas, por\u00e9m, al\u00e9m de a\u00e7\u00f5es preventivas como a poda de \u00e1rvores e a manuten\u00e7\u00e3o das redes, \u00e9 indispens\u00e1vel que a Enel tenha uma estrat\u00e9gia bem definida para situa\u00e7\u00f5es cr\u00edticas. A aus\u00eancia de resposta nos deixa com mais d\u00favidas do que certezas\u201d, ressalta Alexandre Plantz, presidente da UNITA.<\/p>\n\n\n\n<p>A UNITA destaca que o papel da Enel \u00e9 crucial para evitar que a cidade enfrente novamente o caos vivido em anos anteriores com preju\u00edzos a v\u00e1rios setores econ\u00f4micos com o prolongamento de apag\u00f5es. Capacidade de mobiliza\u00e7\u00e3o de equipes, efici\u00eancia das a\u00e7\u00f5es e velocidade de restabelecimento s\u00e3o pontos cruciais em uma situa\u00e7\u00e3o extrema.<\/p>\n\n\n\n<p>Em Niter\u00f3i, cidade atendida pela Enel, a empresa anunciou que estaria tomando medidas extras como uso da tecnologia self-healing, um sistema de autorecupera\u00e7\u00e3o dos circuitos el\u00e9tricos, comandado por intelig\u00eancia artificial j\u00e1 implantado em 96% de todos os circuitos el\u00e9tricos do munic\u00edpio, que seria capaz de promover a recomposi\u00e7\u00e3o autom\u00e1tica da rede el\u00e9trica ap\u00f3s a detec\u00e7\u00e3o de falhas. A UNITA pontua que sendo inclusive cidade da regi\u00e3o metropolitana do Rio, Petr\u00f3polis quer o mesmo tipo de aten\u00e7\u00e3o.<\/p>\n\n\n\n<p>\u201cVamos seguir cobrando esclarecimentos e mais comprometimento da concession\u00e1ria, buscando garantir que Petr\u00f3polis enfrente o per\u00edodo chuvoso com mais seguran\u00e7a, evitando transtornos para a popula\u00e7\u00e3o, turismo, com\u00e9rcio e demais segmentos econ\u00f4micos\u201d, aponta Fabr\u00edcio Santos, secret\u00e1rio da UNITA.&nbsp;<\/p>\n","protected":false},"excerpt":{"rendered":"<p>Entidade quer detalhamento das a\u00e7\u00f5es de preven\u00e7\u00e3o e de resposta em caso de temporais A<\/p>\n","protected":false},"author":2,"featured_media":97500,"comment_status":"open","ping_status":"open","sticky":false,"template":"","format":"standard","meta":{"footnotes":""},"categories":[12,1],"tags":[],"class_list":["post-97499","post","type-post","status-publish","format-standard","has-post-thumbnail","hentry","category-cidade","category-uncategorized"],"_links":{"self":[{"href":"https:\/\/tvc16.com\/portal\/wp-json\/wp\/v2\/posts\/97499","targetHints":{"allow":["GET"]}}],"collection":[{"href":"https:\/\/tvc16.com\/portal\/wp-json\/wp\/v2\/posts"}],"about":[{"href":"https:\/\/tvc16.com\/portal\/wp-json\/wp\/v2\/types\/post"}],"author":[{"embeddable":true,"href":"https:\/\/tvc16.com\/portal\/wp-json\/wp\/v2\/users\/2"}],"replies":[{"embeddable":true,"href":"https:\/\/tvc16.com\/portal\/wp-json\/wp\/v2\/comments?post=97499"}],"version-history":[{"count":1,"href":"https:\/\/tvc16.com\/portal\/wp-json\/wp\/v2\/posts\/97499\/revisions"}],"predecessor-version":[{"id":97501,"href":"https:\/\/tvc16.com\/portal\/wp-json\/wp\/v2\/posts\/97499\/revisions\/97501"}],"wp:featuredmedia":[{"embeddable":true,"href":"https:\/\/tvc16.com\/portal\/wp-json\/wp\/v2\/media\/97500"}],"wp:attachment":[{"href":"https:\/\/tvc16.com\/portal\/wp-json\/wp\/v2\/media?parent=97499"}],"wp:term":[{"taxonomy":"category","embeddable":true,"href":"https:\/\/tvc16.com\/portal\/wp-json\/wp\/v2\/categories?post=97499"},{"taxonomy":"post_tag","embeddable":true,"href":"https:\/\/tvc16.com\/portal\/wp-json\/wp\/v2\/tags?post=97499"}],"curies":[{"name":"wp","href":"https:\/\/api.w.org\/{rel}","templated":true}]}}