{"id":97502,"date":"2025-01-18T13:00:00","date_gmt":"2025-01-18T16:00:00","guid":{"rendered":"https:\/\/tvc16.com\/portal\/?p=97502"},"modified":"2025-01-18T09:45:37","modified_gmt":"2025-01-18T12:45:37","slug":"banco-central-anuncia-primeira-intervencao-no-cambio-em-2025","status":"publish","type":"post","link":"https:\/\/tvc16.com\/portal\/2025\/01\/18\/banco-central-anuncia-primeira-intervencao-no-cambio-em-2025\/","title":{"rendered":"Banco Central anuncia primeira interven\u00e7\u00e3o no c\u00e2mbio em 2025"},"content":{"rendered":"\n<p>Autoridade monet\u00e1ria vender\u00e1 US$ 2 bi com compromisso de recompra<\/p>\n\n\n\n<p>Ap\u00f3s quase tr\u00eas semanas sem atuar no c\u00e2mbio, o Banco Central (BC) anunciou, no in\u00edcio da noite desta sexta-feira (17), a primeira interven\u00e7\u00e3o cambial em 2025. Na pr\u00f3xima segunda-feira (20), a autoridade monet\u00e1ria vender\u00e1 at\u00e9 US$ 2 bilh\u00f5es das reservas internacionais em leil\u00f5es de linha, quando assume o compromisso de recomprar o dinheiro daqui a alguns meses.<img decoding=\"async\" src=\"https:\/\/agenciabrasil.ebc.com.br\/ebc.png?id=1627217&amp;o=node\"><img decoding=\"async\" src=\"https:\/\/agenciabrasil.ebc.com.br\/ebc.gif?id=1627217&amp;o=node\"><\/p>\n\n\n\n<p>Est\u00e3o previstos dois leil\u00f5es de at\u00e9 US$ 1 bilh\u00e3o cada. O dinheiro do primeiro leil\u00e3o retornar\u00e1 \u00e0s reservas internacionais em 4 de novembro; e o do segundo leil\u00e3o, em 2 de dezembro.<\/p>\n\n\n\n<p>A \u00faltima interven\u00e7\u00e3o do BC no c\u00e2mbio havia ocorrido em 30 de dezembro, quando a autoridade monet\u00e1ria vendeu US$ 1,815 bilh\u00e3o das reservas internacionais \u00e0 vista. Nessa modalidade, a venda \u00e9 definitiva, e o dinheiro n\u00e3o volta \u00e0s reservas.<\/p>\n\n\n\n<p>O \u00faltimo leil\u00e3o de linha (com compromisso de recompra) foi realizado em 20 de dezembro, quando a autoridade monet\u00e1ria vendeu US$ 2 bilh\u00f5es. Em dezembro, o BC vendeu US$ 32,59 bilh\u00f5es das reservas externas, o maior volume mensal de interven\u00e7\u00f5es cambiais desde a cria\u00e7\u00e3o do regime de metas de infla\u00e7\u00e3o, em 1999.<\/p>\n\n\n\n<p>Nesta sexta-feira, o d\u00f3lar comercial encerrou o dia vendido a R$ 6,066, com alta de R$ 0,012 (+0,2%). A cota\u00e7\u00e3o oscilou bastante durante o dia, chegando a R$ 6,08 por volta das 11h e caindo para R$ 6,03 por volta das 13h, antes de passar a subir durante a tarde e fechar em leve alta.<\/p>\n\n\n\n<p>Foto: Rafa Neddermeyer\/Ag\u00eancia Brasil<\/p>\n","protected":false},"excerpt":{"rendered":"<p>Autoridade monet\u00e1ria vender\u00e1 US$ 2 bi com compromisso de recompra Ap\u00f3s quase tr\u00eas semanas sem<\/p>\n","protected":false},"author":2,"featured_media":97521,"comment_status":"open","ping_status":"open","sticky":false,"template":"","format":"standard","meta":{"footnotes":""},"categories":[17],"tags":[],"class_list":["post-97502","post","type-post","status-publish","format-standard","has-post-thumbnail","hentry","category-outras-noticias"],"_links":{"self":[{"href":"https:\/\/tvc16.com\/portal\/wp-json\/wp\/v2\/posts\/97502","targetHints":{"allow":["GET"]}}],"collection":[{"href":"https:\/\/tvc16.com\/portal\/wp-json\/wp\/v2\/posts"}],"about":[{"href":"https:\/\/tvc16.com\/portal\/wp-json\/wp\/v2\/types\/post"}],"author":[{"embeddable":true,"href":"https:\/\/tvc16.com\/portal\/wp-json\/wp\/v2\/users\/2"}],"replies":[{"embeddable":true,"href":"https:\/\/tvc16.com\/portal\/wp-json\/wp\/v2\/comments?post=97502"}],"version-history":[{"count":1,"href":"https:\/\/tvc16.com\/portal\/wp-json\/wp\/v2\/posts\/97502\/revisions"}],"predecessor-version":[{"id":97503,"href":"https:\/\/tvc16.com\/portal\/wp-json\/wp\/v2\/posts\/97502\/revisions\/97503"}],"wp:featuredmedia":[{"embeddable":true,"href":"https:\/\/tvc16.com\/portal\/wp-json\/wp\/v2\/media\/97521"}],"wp:attachment":[{"href":"https:\/\/tvc16.com\/portal\/wp-json\/wp\/v2\/media?parent=97502"}],"wp:term":[{"taxonomy":"category","embeddable":true,"href":"https:\/\/tvc16.com\/portal\/wp-json\/wp\/v2\/categories?post=97502"},{"taxonomy":"post_tag","embeddable":true,"href":"https:\/\/tvc16.com\/portal\/wp-json\/wp\/v2\/tags?post=97502"}],"curies":[{"name":"wp","href":"https:\/\/api.w.org\/{rel}","templated":true}]}}