{"id":97512,"date":"2025-01-18T17:00:00","date_gmt":"2025-01-18T20:00:00","guid":{"rendered":"https:\/\/tvc16.com\/portal\/?p=97512"},"modified":"2025-01-17T23:29:15","modified_gmt":"2025-01-18T02:29:15","slug":"programa-saude-na-escola-evento-apresenta-iniciativas-que-beneficiam-estudantes-da-rede-estadual-de-ensino","status":"publish","type":"post","link":"https:\/\/tvc16.com\/portal\/2025\/01\/18\/programa-saude-na-escola-evento-apresenta-iniciativas-que-beneficiam-estudantes-da-rede-estadual-de-ensino\/","title":{"rendered":"Programa Sa\u00fade na Escola: evento apresenta iniciativas que beneficiam estudantes da rede estadual de ensino"},"content":{"rendered":"\n<p><strong><em>Mostra promovida pelas Secretarias de Estado de Educa\u00e7\u00e3o e de Sa\u00fade destaca as boas pr\u00e1ticas dessa pol\u00edtica intersetorial<\/em><\/strong><\/p>\n\n\n\n<p>Um evento muito especial reconheceu as boas pr\u00e1ticas realizadas pelo Programa Sa\u00fade na Escola (PSE) em todo o estado do Rio de Janeiro. Nesta quinta-feira (16\/01), as Secretarias de Estado de Educa\u00e7\u00e3o e de Sa\u00fade promoveram a II Mostra de Pr\u00e1ticas Exitosas, a\u00e7\u00e3o de culmin\u00e2ncia do programa no \u00e2mbito estadual. Durante o encontro, foram apresentados trabalhos exitosos, possibilitando a troca de boas pr\u00e1ticas para promover o pleno desenvolvimento dos estudantes das escolas pactuadas. Tamb\u00e9m foram entregues certificados \u00e0queles que alcan\u00e7aram os melhores indicadores, como um reconhecimento do governo \u00e0 excel\u00eancia na execu\u00e7\u00e3o e implanta\u00e7\u00e3o dessa pol\u00edtica intersetorial.<\/p>\n\n\n\n<p>\u2013 Nossa rede estadual tem o EduBem, que \u00e9 um programa que visa a sa\u00fade e o bem-estar dos estudantes e dos professores. E nossos la\u00e7os v\u00e3o cada vez mais se fortalecer ao longo deste ano. Ent\u00e3o, se n\u00f3s mostrarmos aos prefeitos e ao governador que \u00e9 poss\u00edvel realizarmos esse trabalho conjunto, tenho certeza de que mais investimento ocorrer\u00e1 no pr\u00f3ximo exerc\u00edcio, para que a gente possa dar mais aten\u00e7\u00e3o a essas crian\u00e7as, aos jovens e adolescentes \u2013 disse a secret\u00e1ria de Estado de Educa\u00e7\u00e3o, Roberta Barreto.<\/p>\n\n\n\n<p>Institu\u00eddo em 2007, o Programa Sa\u00fade na Escola se prop\u00f5e a tratar a sa\u00fade e a educa\u00e7\u00e3o de forma integral, sendo parte de uma forma\u00e7\u00e3o ampla para a cidadania, contemplando a\u00e7\u00f5es que englobam a sa\u00fade ambiental; a promo\u00e7\u00e3o da atividade f\u00edsica; a alimenta\u00e7\u00e3o saud\u00e1vel e preven\u00e7\u00e3o da obesidade; a promo\u00e7\u00e3o da cultura de paz e direitos humanos; a preven\u00e7\u00e3o das viol\u00eancias e dos acidentes; a preven\u00e7\u00e3o de doen\u00e7as negligenciadas; a verifica\u00e7\u00e3o da situa\u00e7\u00e3o vacinal; a sa\u00fade sexual e reprodutiva; a preven\u00e7\u00e3o do HIV\/IST; a preven\u00e7\u00e3o ao uso de \u00e1lcool, tabaco e outras drogas; a sa\u00fade bucal, auditiva e ocular; e a preven\u00e7\u00e3o \u00e0 covid-19.<\/p>\n\n\n\n<p>\u2013 Este evento celebra um trabalho conjunto que une a educa\u00e7\u00e3o e a sa\u00fade em prol do bem-estar de nossos estudantes. O programa tem mostrado que, quando nos dedicamos a promover a\u00e7\u00f5es preventivas, educativas e migradas, conseguimos transformar as realidades \u2013 destacou Francisca de Deus, assessora da Superintend\u00eancia de Aten\u00e7\u00e3o Prim\u00e1ria \u00e0 Sa\u00fade, que representou a Secretaria de Estado de Sa\u00fade no evento.<\/p>\n\n\n\n<p>O PSE tem o objetivo de contribuir para o pleno desenvolvimento dos estudantes da educa\u00e7\u00e3o b\u00e1sica das redes p\u00fablicas de ensino de todo o estado do Rio de Janeiro, por meio do fortalecimento de a\u00e7\u00f5es que integram as \u00e1reas de Sa\u00fade e Educa\u00e7\u00e3o no enfrentamento de vulnerabilidades, na amplia\u00e7\u00e3o do acesso aos servi\u00e7os, na melhoria da qualidade de vida e no apoio ao processo formativo de profissionais. A articula\u00e7\u00e3o entre escola e aten\u00e7\u00e3o prim\u00e1ria \u00e0 sa\u00fade \u00e9 a base do programa.<\/p>\n\n\n\n<p>No bi\u00eanio 2023\/2024, 166 mil alunos do Rio de Janeiro passaram a ser beneficiados pelo programa. Todos os 92 munic\u00edpios fluminenses fazem parte do projeto, expandindo em 349 o n\u00famero de escolas pactuadas, que saltaram de 4.477 para 4.826, praticamente triplicando o n\u00famero de a\u00e7\u00f5es\/atendimentos desde o in\u00edcio do programa.<\/p>\n\n\n\n<p>\u2013 O plano obedece a uma l\u00f3gica intersetorial, ent\u00e3o a gente precisa estar sempre unindo saberes entre diferentes frentes de trabalho. Agora, come\u00e7a o bi\u00eanio 2025-2026, e a gente tem certeza de que o Rio de Janeiro tamb\u00e9m ser\u00e1 ainda mais protagonista \u2013 afirmou Ana Carolina Tavares Vieira, coordenadora do Programa Sa\u00fade nas Escola do Rio de Janeiro.<\/p>\n\n\n\n<p>O encontro tamb\u00e9m foi marcado por um grande compartilhamento de experi\u00eancias. Assim, muitos bons projetos, que ficavam restritos ao munic\u00edpio que teve a ideia, puderam ser apresentados, com a possibilidade de expans\u00e3o dessas iniciativas.<\/p>\n\n\n\n<p>\u2013 A sa\u00fade dos nossos estudantes \u00e9 de suma import\u00e2ncia para que a gente consiga atingir \u00edndices educacionais desejados no estado do Rio de Janeiro. A parceria com os munic\u00edpios vem sendo cada vez mais fortalecida por nossa gest\u00e3o e pelo governo do estado do Rio de Janeiro. Cada momento que a gente tem junto para compartilhar experi\u00eancias, saberes e, principalmente, boas pr\u00e1ticas, \u00e9 fundamental para construirmos a pol\u00edtica p\u00fablica de educa\u00e7\u00e3o que tanto desejamos \u2013 concluiu o subsecret\u00e1rio executivo da Seeduc, Windson Maciel.<\/p>\n","protected":false},"excerpt":{"rendered":"<p>Mostra promovida pelas Secretarias de Estado de Educa\u00e7\u00e3o e de Sa\u00fade destaca as boas pr\u00e1ticas<\/p>\n","protected":false},"author":2,"featured_media":97513,"comment_status":"open","ping_status":"open","sticky":false,"template":"","format":"standard","meta":{"footnotes":""},"categories":[17],"tags":[],"class_list":["post-97512","post","type-post","status-publish","format-standard","has-post-thumbnail","hentry","category-outras-noticias"],"_links":{"self":[{"href":"https:\/\/tvc16.com\/portal\/wp-json\/wp\/v2\/posts\/97512","targetHints":{"allow":["GET"]}}],"collection":[{"href":"https:\/\/tvc16.com\/portal\/wp-json\/wp\/v2\/posts"}],"about":[{"href":"https:\/\/tvc16.com\/portal\/wp-json\/wp\/v2\/types\/post"}],"author":[{"embeddable":true,"href":"https:\/\/tvc16.com\/portal\/wp-json\/wp\/v2\/users\/2"}],"replies":[{"embeddable":true,"href":"https:\/\/tvc16.com\/portal\/wp-json\/wp\/v2\/comments?post=97512"}],"version-history":[{"count":1,"href":"https:\/\/tvc16.com\/portal\/wp-json\/wp\/v2\/posts\/97512\/revisions"}],"predecessor-version":[{"id":97514,"href":"https:\/\/tvc16.com\/portal\/wp-json\/wp\/v2\/posts\/97512\/revisions\/97514"}],"wp:featuredmedia":[{"embeddable":true,"href":"https:\/\/tvc16.com\/portal\/wp-json\/wp\/v2\/media\/97513"}],"wp:attachment":[{"href":"https:\/\/tvc16.com\/portal\/wp-json\/wp\/v2\/media?parent=97512"}],"wp:term":[{"taxonomy":"category","embeddable":true,"href":"https:\/\/tvc16.com\/portal\/wp-json\/wp\/v2\/categories?post=97512"},{"taxonomy":"post_tag","embeddable":true,"href":"https:\/\/tvc16.com\/portal\/wp-json\/wp\/v2\/tags?post=97512"}],"curies":[{"name":"wp","href":"https:\/\/api.w.org\/{rel}","templated":true}]}}