{"id":97518,"date":"2025-01-18T19:00:00","date_gmt":"2025-01-18T22:00:00","guid":{"rendered":"https:\/\/tvc16.com\/portal\/?p=97518"},"modified":"2025-01-17T23:38:35","modified_gmt":"2025-01-18T02:38:35","slug":"claudio-castro-participa-da-posse-do-novo-procurador-geral-de-justica-do-rio-antonio-jose-campos","status":"publish","type":"post","link":"https:\/\/tvc16.com\/portal\/2025\/01\/18\/claudio-castro-participa-da-posse-do-novo-procurador-geral-de-justica-do-rio-antonio-jose-campos\/","title":{"rendered":"Cl\u00e1udio Castro participa da posse do novo procurador-geral de Justi\u00e7a do Rio, Ant\u00f4nio Jos\u00e9 Campos"},"content":{"rendered":"\n<p><em>Escolha do novo chefe do Minist\u00e9rio P\u00fablico seguiu a tradi\u00e7\u00e3o democr\u00e1tica, a partir da lista tr\u00edplice definida em elei\u00e7\u00e3o interna pelos integrantes do \u00f3rg\u00e3o<\/em><\/p>\n\n\n\n<p>O governador Cl\u00e1udio Castro participou, nesta sexta-feira (17\/01), da cerim\u00f4nia de posse de Ant\u00f4nio Jos\u00e9 Campos Moreira como novo procurador-geral de Justi\u00e7a do Rio de Janeiro para o bi\u00eanio 2025-2027. Durante a solenidade, Castro destacou o papel essencial do Minist\u00e9rio P\u00fablico na defesa da justi\u00e7a e do interesse p\u00fablico, refor\u00e7ando o compromisso de manter uma rela\u00e7\u00e3o de respeito e di\u00e1logo institucional.<\/p>\n\n\n\n<p>&#8211; Com di\u00e1logo entre as institui\u00e7\u00f5es conseguimos fazer o RJ avan\u00e7ar. Hoje somos v\u00e1rios \u00f3rg\u00e3os com a mesma miss\u00e3o, a de proporcionar melhor qualidade de vida para a popula\u00e7\u00e3o. Vamos seguir com harmonia, avan\u00e7ando no fortalecimento da justi\u00e7a &#8211; declarou o governador Cl\u00e1udio Castro.<\/p>\n\n\n\n<p>A escolha do novo chefe do Minist\u00e9rio P\u00fablico seguiu a tradi\u00e7\u00e3o democr\u00e1tica, a partir da lista tr\u00edplice definida em elei\u00e7\u00e3o interna pelos integrantes do \u00f3rg\u00e3o. A decis\u00e3o final coube ao governador, que optou por Campos Moreira entre os tr\u00eas indicados.<\/p>\n\n\n\n<p>Com uma trajet\u00f3ria de quase quatro d\u00e9cadas no Minist\u00e9rio P\u00fablico, Ant\u00f4nio Jos\u00e9 Campos ingressou na institui\u00e7\u00e3o em 1987. O novo procurador-geral est\u00e1 vinculado ao 1\u00ba Grupo de C\u00e2maras Criminais e j\u00e1 ocupou os cargos de subprocurador-geral de Justi\u00e7a, assessor-chefe da Assessoria de Assuntos Institucionais, assessor-chefe da Assessoria de Atribui\u00e7\u00e3o Origin\u00e1ria Criminal, e coordenador da primeira forma\u00e7\u00e3o do grupo das Centrais de Inqu\u00e9rito (1995\/1996), al\u00e9m de chefe de Gabinete da Procuradoria-Geral de Justi\u00e7a.<\/p>\n\n\n\n<p>&#8211; Assumo a nova miss\u00e3o com responsabilidade e dedica\u00e7\u00e3o. O Minist\u00e9rio P\u00fablico vai atuar com di\u00e1logo e harmonia, concentrando esfor\u00e7os na \u00e1rea da investiga\u00e7\u00e3o e da a\u00e7\u00e3o penal, trabalhando incansavelmente pela justi\u00e7a e pela seguran\u00e7a de todos os cidad\u00e3os- disse Ant\u00f4nio Jos\u00e9.<\/p>\n","protected":false},"excerpt":{"rendered":"<p>Escolha do novo chefe do Minist\u00e9rio P\u00fablico seguiu a tradi\u00e7\u00e3o democr\u00e1tica, a partir da lista<\/p>\n","protected":false},"author":2,"featured_media":97519,"comment_status":"open","ping_status":"open","sticky":false,"template":"","format":"standard","meta":{"footnotes":""},"categories":[17],"tags":[],"class_list":["post-97518","post","type-post","status-publish","format-standard","has-post-thumbnail","hentry","category-outras-noticias"],"_links":{"self":[{"href":"https:\/\/tvc16.com\/portal\/wp-json\/wp\/v2\/posts\/97518","targetHints":{"allow":["GET"]}}],"collection":[{"href":"https:\/\/tvc16.com\/portal\/wp-json\/wp\/v2\/posts"}],"about":[{"href":"https:\/\/tvc16.com\/portal\/wp-json\/wp\/v2\/types\/post"}],"author":[{"embeddable":true,"href":"https:\/\/tvc16.com\/portal\/wp-json\/wp\/v2\/users\/2"}],"replies":[{"embeddable":true,"href":"https:\/\/tvc16.com\/portal\/wp-json\/wp\/v2\/comments?post=97518"}],"version-history":[{"count":1,"href":"https:\/\/tvc16.com\/portal\/wp-json\/wp\/v2\/posts\/97518\/revisions"}],"predecessor-version":[{"id":97520,"href":"https:\/\/tvc16.com\/portal\/wp-json\/wp\/v2\/posts\/97518\/revisions\/97520"}],"wp:featuredmedia":[{"embeddable":true,"href":"https:\/\/tvc16.com\/portal\/wp-json\/wp\/v2\/media\/97519"}],"wp:attachment":[{"href":"https:\/\/tvc16.com\/portal\/wp-json\/wp\/v2\/media?parent=97518"}],"wp:term":[{"taxonomy":"category","embeddable":true,"href":"https:\/\/tvc16.com\/portal\/wp-json\/wp\/v2\/categories?post=97518"},{"taxonomy":"post_tag","embeddable":true,"href":"https:\/\/tvc16.com\/portal\/wp-json\/wp\/v2\/tags?post=97518"}],"curies":[{"name":"wp","href":"https:\/\/api.w.org\/{rel}","templated":true}]}}