{"id":9753,"date":"2021-01-18T22:53:07","date_gmt":"2021-01-19T01:53:07","guid":{"rendered":"https:\/\/tvc16.com\/portal\/?p=9753"},"modified":"2021-01-18T22:53:10","modified_gmt":"2021-01-19T01:53:10","slug":"prefeitura-de-nova-iguacu-aguarda-o-recebimento-de-7-115-das-14-930-doses-destinadas-pelo-governo-estadual-ao-municipio-para-iniciar-a-primeira-fase-da-campanha-de-vacinacao-contra-a-covid-19-a-estru","status":"publish","type":"post","link":"https:\/\/tvc16.com\/portal\/2021\/01\/18\/prefeitura-de-nova-iguacu-aguarda-o-recebimento-de-7-115-das-14-930-doses-destinadas-pelo-governo-estadual-ao-municipio-para-iniciar-a-primeira-fase-da-campanha-de-vacinacao-contra-a-covid-19-a-estru\/","title":{"rendered":"Prefeitura de Nova Igua\u00e7u aguarda o recebimento de 7.115 das 14.930 doses destinadas pelo Governo Estadual ao munic\u00edpio para iniciar a primeira fase da campanha de vacina\u00e7\u00e3o contra a Covid-19. A estrutura da nossa rede de sa\u00fade j\u00e1 est\u00e1 preparada para realizar a imuniza\u00e7\u00e3o, inclusive com estoque de seringas e agulhas"},"content":{"rendered":"\n<p><strong>Nova Igua\u00e7u divulga plano de vacina\u00e7\u00e3o contra o coronav\u00edrus<br><\/strong><\/p>\n\n\n\n<p>Nesta primeira etapa, ser\u00e3o vacinados profissionais da sa\u00fade que est\u00e3o trabalhando na linha de frente da Covid em UTI e Unidades de Urg\u00eancia e Emerg\u00eancia, pessoas com defici\u00eancia (a partir de 18 anos) residentes em Resid\u00eancias Inclusivas (institucionalizadas) e idosos residentes em institui\u00e7\u00f5es de longa perman\u00eancia (institucionalizados), que pertencem aos grupos priorit\u00e1rios determinados pelo Minist\u00e9rio da Sa\u00fade. A vacina\u00e7\u00e3o come\u00e7a assim que as doses chegarem ao munic\u00edpio.<\/p>\n\n\n\n<p>A imuniza\u00e7\u00e3o ser\u00e1 realizada nos locais de trabalho dos profissionais da sa\u00fade, como o Hospital Geral de Nova Igua\u00e7u (HGNI) e as Unidades de Pronto Atendimento (UPAs), e nos abrigos. Neste primeiro momento as doses n\u00e3o ser\u00e3o destinadas aos postos de sa\u00fade da cidade.<\/p>\n","protected":false},"excerpt":{"rendered":"<p>Nova Igua\u00e7u divulga plano de vacina\u00e7\u00e3o contra o coronav\u00edrus Nesta primeira etapa, ser\u00e3o vacinados profissionais<\/p>\n","protected":false},"author":2,"featured_media":9569,"comment_status":"open","ping_status":"open","sticky":false,"template":"","format":"standard","meta":{"footnotes":""},"categories":[17],"tags":[],"class_list":["post-9753","post","type-post","status-publish","format-standard","has-post-thumbnail","hentry","category-outras-noticias"],"_links":{"self":[{"href":"https:\/\/tvc16.com\/portal\/wp-json\/wp\/v2\/posts\/9753","targetHints":{"allow":["GET"]}}],"collection":[{"href":"https:\/\/tvc16.com\/portal\/wp-json\/wp\/v2\/posts"}],"about":[{"href":"https:\/\/tvc16.com\/portal\/wp-json\/wp\/v2\/types\/post"}],"author":[{"embeddable":true,"href":"https:\/\/tvc16.com\/portal\/wp-json\/wp\/v2\/users\/2"}],"replies":[{"embeddable":true,"href":"https:\/\/tvc16.com\/portal\/wp-json\/wp\/v2\/comments?post=9753"}],"version-history":[{"count":1,"href":"https:\/\/tvc16.com\/portal\/wp-json\/wp\/v2\/posts\/9753\/revisions"}],"predecessor-version":[{"id":9754,"href":"https:\/\/tvc16.com\/portal\/wp-json\/wp\/v2\/posts\/9753\/revisions\/9754"}],"wp:featuredmedia":[{"embeddable":true,"href":"https:\/\/tvc16.com\/portal\/wp-json\/wp\/v2\/media\/9569"}],"wp:attachment":[{"href":"https:\/\/tvc16.com\/portal\/wp-json\/wp\/v2\/media?parent=9753"}],"wp:term":[{"taxonomy":"category","embeddable":true,"href":"https:\/\/tvc16.com\/portal\/wp-json\/wp\/v2\/categories?post=9753"},{"taxonomy":"post_tag","embeddable":true,"href":"https:\/\/tvc16.com\/portal\/wp-json\/wp\/v2\/tags?post=9753"}],"curies":[{"name":"wp","href":"https:\/\/api.w.org\/{rel}","templated":true}]}}