{"id":97533,"date":"2025-01-19T11:00:00","date_gmt":"2025-01-19T14:00:00","guid":{"rendered":"https:\/\/tvc16.com\/portal\/?p=97533"},"modified":"2025-01-18T18:01:20","modified_gmt":"2025-01-18T21:01:20","slug":"estado-reune-dicas-para-cariocas-montarem-roteiro-para-o-primeiro-feriado-de-2025","status":"publish","type":"post","link":"https:\/\/tvc16.com\/portal\/2025\/01\/19\/estado-reune-dicas-para-cariocas-montarem-roteiro-para-o-primeiro-feriado-de-2025\/","title":{"rendered":"Estado re\u00fane dicas para cariocas montarem roteiro para o primeiro feriado de 2025"},"content":{"rendered":"\n<p><em>Capital celebra o padroeiro S\u00e3o Sebasti\u00e3o e interior se prepara para receber cariocas de folga<\/em><\/p>\n\n\n\n<p>No primeiro feriado de 2025, que homenageia o padroeiro da cidade do Rio de Janeiro, S\u00e3o Sebasti\u00e3o, o Governo do Estado promove e apoia roteiros tur\u00edsticos, eventos esportivos e festas para quem pretende aproveitar os tr\u00eas dias de folga. Com a folga, os cariocas podem preparar seus roteiros e curtir as atra\u00e7\u00f5es da pr\u00f3pria cidade ou desbravar as maravilhas do interior.<br>Muito al\u00e9m das atra\u00e7\u00f5es da capital, neste fim de semana, diversos munic\u00edpios fluminenses est\u00e3o com uma programa\u00e7\u00e3o diversificada, que inclui passeios hist\u00f3ricos, mergulhos em cachoeiras e as igrejas do padroeiro, tombadas pelo Instituto Estadual do Patrim\u00f4nio Cultural. N\u00e3o sabe o que fazer? Ent\u00e3o, confira as dicas que o Governo do RJ separou.<br><strong>Vale do Caf\u00e9<\/strong><br>O queridinho da vez no roteiro rural do Vale do Caf\u00e9 \u00e9 o distrito de Ipiabas, que fica a quase 700 metros de altitude, na cidade de Barra do Pira\u00ed. Um dos trunfos da localidade, que desponta como destino da vez na regi\u00e3o, \u00e9 a mistura de atra\u00e7\u00f5es hist\u00f3ricas (casar\u00f5es de antigas fazendas, pontes e t\u00faneis ferrovi\u00e1rios do s\u00e9culo XIX) com boa gastronomia, atividades culturais e paisagens naturais.<br>Al\u00e9m das a\u00e7\u00f5es de preserva\u00e7\u00e3o ambiental e dos patrim\u00f4nios hist\u00f3ricos do Estado, o Governo do RJ tamb\u00e9m apoia os produtores locais e investe, por meio de editais culturais ou a partir de arranjos produtivos locais, nas a\u00e7\u00f5es e projetos que valorizam a identidade cultural fluminense e nos produtos que promovem o Estado como vitrine do Brasil, como os artes\u00e3o cadastrados pela Secretaria de Estado de Turismo.\u00a0\u00a0<br>Neste feriado, turistas encontram roteiros que incluem caminhadas at\u00e9 a Cachoeira da Floresta, trilhas at\u00e9 o topo da Pedra do Gavi\u00e3o, um pared\u00e3o com quase 100 metros de altura, parada para fotos no t\u00fanel da Rede Mineira de Via\u00e7\u00e3o (de 1883), entre outras atra\u00e7\u00f5es.<br><strong>Turismo religioso<\/strong><br>Os que preferem seguir um roteiro religioso no feriado do padroeiro poder\u00e3o acompanhar a tradicional prociss\u00e3o de S\u00e3o Sebasti\u00e3o, na capital. O cortejo sai da Bas\u00edlica Santu\u00e1rio de S\u00e3o Sebasti\u00e3o dos Frades dos Capuchinhos, na Tijuca, \u00e0s 16h, at\u00e9 a Catedral Metropolitano, no Centro do Rio de Janeiro, onde acontece a missa solene, \u00e0s 17h.<br>H\u00e1 a op\u00e7\u00e3o de visitar uma das dezenas igrejas e capelas que reverenciam o santo espalhadas pelos estados. A Igreja de S\u00e3o Sebasti\u00e3o de Itaipu, Niter\u00f3i, tombada pelo Instituto Estadual de Patrim\u00f4nio Cultural (INEPAC), destaca-se no cen\u00e1rio pela beleza de seu estilo neocl\u00e1ssico.<br>No munic\u00edpio de S\u00e3o Sebasti\u00e3o do Alto, situado a cerca de tr\u00eas horas de viagem da cidade do Rio de Janeiro e a uma hora de Nova Friburgo, no dia 20 tamb\u00e9m \u00e9 comemorado o dia do padroeiro da cidade, com missa, \u00e0s 10h, prociss\u00e3o, a partir de 18h, e shows, \u00e0s 21h.<br>Outro munic\u00edpio que tem S\u00e3o Sebasti\u00e3o como padroeiro \u00e9 Barra Mansa, no Sul do estado, onde no dia 20 acontece uma festa, com programa\u00e7\u00e3o variada, organizada pela Par\u00f3quia da Igreja da Matriz, al\u00e9m de missas ao longo do dia, a partir das 6h.<br><strong>Atra\u00e7\u00f5es esportivas<\/strong><br>Os adeptos dos esportes tamb\u00e9m ter\u00e3o op\u00e7\u00f5es de lazer. J\u00e1 nos dias 17 e 18 de janeiro, acontece o Breaking do Ver\u00e3o, um campeonato internacional 1 x 1 de breaking, a mais nova modalidade das Olimp\u00edadas de 2024. O evento vai acontecer na Fundi\u00e7\u00e3o Progresso, na Lapa. O credenciamento acontece \u00e0s 14h e in\u00edcio \u00e0s 16h. Entrada gratuita para o p\u00fablico. Interessados em participar da competi\u00e7\u00e3o podem se inscrever pelo site (<a href=\"http:\/\/breakingdoverao.com.br\/\" target=\"_blank\" rel=\"noreferrer noopener\">breakingdoverao.com.br<\/a>). O evento \u00e9 realizado com patroc\u00ednio da Lei Estadual de Incentivo \u00e0 Cultura.<br>No dia 20, acontece a tradicional Corrida de S\u00e3o Sebasti\u00e3o, no Aterro do Flamengo. A largada ser\u00e1 \u00e0s 7h30.\u00a0 Na Zona Norte, a turma que gosta de jud\u00f4 vai encontrar uma programa\u00e7\u00e3o especial.<br>J\u00e1 o Campeonato Mano a Mano chega \u00e0 sua 10\u00aa edi\u00e7\u00e3o com nomes consagrados do jud\u00f4, no Galp\u00e3o do Engenh\u00e3o, dia 19 de janeiro, a partir das 11h. Os desafios ser\u00e3o em equipes. A programa\u00e7\u00e3o \u00e9 gratuita e aberta ao p\u00fablico, mas sujeita a lota\u00e7\u00e3o. Os dois eventos recebem apoio do Governo do Estado do Rio de Janeiro por meio da Lei de Incentivo ao Esporte, da Secretaria de Estado de Esporte e Lazer.<\/p>\n","protected":false},"excerpt":{"rendered":"<p>Capital celebra o padroeiro S\u00e3o Sebasti\u00e3o e interior se prepara para receber cariocas de folga<\/p>\n","protected":false},"author":2,"featured_media":96484,"comment_status":"open","ping_status":"open","sticky":false,"template":"","format":"standard","meta":{"footnotes":""},"categories":[17],"tags":[],"class_list":["post-97533","post","type-post","status-publish","format-standard","has-post-thumbnail","hentry","category-outras-noticias"],"_links":{"self":[{"href":"https:\/\/tvc16.com\/portal\/wp-json\/wp\/v2\/posts\/97533","targetHints":{"allow":["GET"]}}],"collection":[{"href":"https:\/\/tvc16.com\/portal\/wp-json\/wp\/v2\/posts"}],"about":[{"href":"https:\/\/tvc16.com\/portal\/wp-json\/wp\/v2\/types\/post"}],"author":[{"embeddable":true,"href":"https:\/\/tvc16.com\/portal\/wp-json\/wp\/v2\/users\/2"}],"replies":[{"embeddable":true,"href":"https:\/\/tvc16.com\/portal\/wp-json\/wp\/v2\/comments?post=97533"}],"version-history":[{"count":1,"href":"https:\/\/tvc16.com\/portal\/wp-json\/wp\/v2\/posts\/97533\/revisions"}],"predecessor-version":[{"id":97534,"href":"https:\/\/tvc16.com\/portal\/wp-json\/wp\/v2\/posts\/97533\/revisions\/97534"}],"wp:featuredmedia":[{"embeddable":true,"href":"https:\/\/tvc16.com\/portal\/wp-json\/wp\/v2\/media\/96484"}],"wp:attachment":[{"href":"https:\/\/tvc16.com\/portal\/wp-json\/wp\/v2\/media?parent=97533"}],"wp:term":[{"taxonomy":"category","embeddable":true,"href":"https:\/\/tvc16.com\/portal\/wp-json\/wp\/v2\/categories?post=97533"},{"taxonomy":"post_tag","embeddable":true,"href":"https:\/\/tvc16.com\/portal\/wp-json\/wp\/v2\/tags?post=97533"}],"curies":[{"name":"wp","href":"https:\/\/api.w.org\/{rel}","templated":true}]}}