{"id":97535,"date":"2025-01-19T12:00:00","date_gmt":"2025-01-19T15:00:00","guid":{"rendered":"https:\/\/tvc16.com\/portal\/?p=97535"},"modified":"2025-01-18T23:01:17","modified_gmt":"2025-01-19T02:01:17","slug":"claudio-castro-inaugura-cafe-do-trabalhador-em-petropolis","status":"publish","type":"post","link":"https:\/\/tvc16.com\/portal\/2025\/01\/19\/claudio-castro-inaugura-cafe-do-trabalhador-em-petropolis\/","title":{"rendered":"Cl\u00e1udio Castro inaugura Caf\u00e9 do Trabalhador em Petr\u00f3polis"},"content":{"rendered":"\n<p><em>Com o novo polo, programa atinge a marca de 50 unidades no estado; ao todo, ser\u00e3o ofertados 500 kits de caf\u00e9 da manh\u00e3 por dia, na unidade<\/em><\/p>\n\n\n\n<p>O governador Cl\u00e1udio Castro inaugurou, neste s\u00e1bado (18\/01), em Petr\u00f3polis, o Caf\u00e9 do Trabalhador, programa do governo do estado que oferece caf\u00e9 da manh\u00e3 a R$ 0,50. Com a chegada \u00e0 cidade da Regi\u00e3o Serrana, a iniciativa alcan\u00e7a a marca de 50 polos distribu\u00eddos em 39 munic\u00edpios fluminenses. Na nova unidade ser\u00e3o ofertadas 500 refei\u00e7\u00f5es por dia e cerca de 11 mil por m\u00eas. Desde o in\u00edcio do programa, em julho de 2022, j\u00e1 foram servidos mais de 4 milh\u00f5es de kits de caf\u00e9 da manh\u00e3.<\/p>\n\n\n\n<p>\u2013 Estamos trabalhando intensamente para erradicar a fome no Estado do Rio de Janeiro. Sabemos o impacto que essa iniciativa tem na vida dessas pessoas e, para n\u00f3s, qualquer pessoa que fique sem uma refei\u00e7\u00e3o b\u00e1sica, precisa de ajuda. Queremos inaugurar, este ano, mais 60 unidades. Todos os munic\u00edpios fluminenses precisam receber um Caf\u00e9 do Trabalhador \u2013 destacou o governador Cl\u00e1udio Castro.<\/p>\n\n\n\n<p>Cada kit de caf\u00e9 da manh\u00e3 cont\u00e9m caf\u00e9, com ou sem leite, um p\u00e3o com manteiga e uma fruta. Os itens s\u00e3o armazenados em sacola pl\u00e1stica para o transporte seguro. Sob a coordena\u00e7\u00e3o da Secretaria de Estado de Desenvolvimento Social e Direitos Humanos, o Caf\u00e9 do Trabalhador \u00e9 voltado para trabalhadores, assim como para a popula\u00e7\u00e3o mais vulner\u00e1vel. Para atender o p\u00fablico, as unidades s\u00e3o instaladas em locais estrat\u00e9gicos, de grande concentra\u00e7\u00e3o de usu\u00e1rios de transporte p\u00fablico.&nbsp;&nbsp;<\/p>\n\n\n\n<p>\u2013 Para n\u00f3s \u00e9 muito simb\u00f3lico essa inaugura\u00e7\u00e3o, pois representa a expans\u00e3o do nosso programa em uma cidade onde j\u00e1 temos um equipamento de grande relev\u00e2ncia no combate \u00e0 fome, o Restaurante do Povo. O que fortalece ainda mais nossa pol\u00edtica de seguran\u00e7a alimentar que \u00e9 prioridade total deste Governo \u2013 ressaltou a secret\u00e1ria de Desenvolvimento Social e Direitos Humanos, Rosangela Gomes.<\/p>\n\n\n\n<p><strong>Comunidade de Corr\u00eaas comemora a nova unidade<\/strong><\/p>\n\n\n\n<p>Moradora da regi\u00e3o, S\u00f4nia Regina de Oliveira enfatizou a import\u00e2ncia da iniciativa e da escolha do local, que fica no entorno do Terminal Rodovi\u00e1rio da cidade.<\/p>\n\n\n\n<p>\u2013 Vai ser um adianto para quem usa \u00f4nibus, chega aqui cedinho, \u00e0s 6 horas da manh\u00e3, e consegue tomar um cafezinho. Valeu, governador, pelo Caf\u00e9 do Trabalhador! \u2013 comemorou ela.<\/p>\n\n\n\n<p>O Caf\u00e9 do Trabalhador em Petr\u00f3polis est\u00e1 localizado em frente ao Ciep Cec\u00edlia Meireles, na Estrada Uni\u00e3o e Ind\u00fastria, 2619. O funcionamento ser\u00e1 de segunda a sexta-feira, das 5h at\u00e9 \u00e0s 9h, at\u00e9 o t\u00e9rmino das 500 unidades que estar\u00e3o dispon\u00edveis para a popula\u00e7\u00e3o.<\/p>\n","protected":false},"excerpt":{"rendered":"<p>Com o novo polo, programa atinge a marca de 50 unidades no estado; ao todo,<\/p>\n","protected":false},"author":2,"featured_media":97536,"comment_status":"open","ping_status":"open","sticky":false,"template":"","format":"standard","meta":{"footnotes":""},"categories":[12],"tags":[],"class_list":["post-97535","post","type-post","status-publish","format-standard","has-post-thumbnail","hentry","category-cidade"],"_links":{"self":[{"href":"https:\/\/tvc16.com\/portal\/wp-json\/wp\/v2\/posts\/97535","targetHints":{"allow":["GET"]}}],"collection":[{"href":"https:\/\/tvc16.com\/portal\/wp-json\/wp\/v2\/posts"}],"about":[{"href":"https:\/\/tvc16.com\/portal\/wp-json\/wp\/v2\/types\/post"}],"author":[{"embeddable":true,"href":"https:\/\/tvc16.com\/portal\/wp-json\/wp\/v2\/users\/2"}],"replies":[{"embeddable":true,"href":"https:\/\/tvc16.com\/portal\/wp-json\/wp\/v2\/comments?post=97535"}],"version-history":[{"count":1,"href":"https:\/\/tvc16.com\/portal\/wp-json\/wp\/v2\/posts\/97535\/revisions"}],"predecessor-version":[{"id":97537,"href":"https:\/\/tvc16.com\/portal\/wp-json\/wp\/v2\/posts\/97535\/revisions\/97537"}],"wp:featuredmedia":[{"embeddable":true,"href":"https:\/\/tvc16.com\/portal\/wp-json\/wp\/v2\/media\/97536"}],"wp:attachment":[{"href":"https:\/\/tvc16.com\/portal\/wp-json\/wp\/v2\/media?parent=97535"}],"wp:term":[{"taxonomy":"category","embeddable":true,"href":"https:\/\/tvc16.com\/portal\/wp-json\/wp\/v2\/categories?post=97535"},{"taxonomy":"post_tag","embeddable":true,"href":"https:\/\/tvc16.com\/portal\/wp-json\/wp\/v2\/tags?post=97535"}],"curies":[{"name":"wp","href":"https:\/\/api.w.org\/{rel}","templated":true}]}}