{"id":97547,"date":"2025-01-19T16:00:00","date_gmt":"2025-01-19T19:00:00","guid":{"rendered":"https:\/\/tvc16.com\/portal\/?p=97547"},"modified":"2025-01-18T22:41:47","modified_gmt":"2025-01-19T01:41:47","slug":"petropolitanos-recebem-titulo-de-embaixadores-do-turismo-do-rio","status":"publish","type":"post","link":"https:\/\/tvc16.com\/portal\/2025\/01\/19\/petropolitanos-recebem-titulo-de-embaixadores-do-turismo-do-rio\/","title":{"rendered":"Petropolitanos recebem t\u00edtulo de Embaixadores do Turismo do Rio"},"content":{"rendered":"\n<p><em>Tatiana D\u2019Angelo e Marcelus Fassano foram nomeados durante cerim\u00f4nia que ocorreu na quarta-feira no Centro do Rio<\/em><\/p>\n\n\n\n<p>Em uma cerim\u00f4nia realizada na quarta-feira, na Sociedade Nacional de Agricultura, no Centro do Rio de Janeiro, Tatiana D\u2019Angelo e Marcelus Fassano, de Petr\u00f3polis, foram reconhecidos como Embaixadores do Turismo do Rio de Janeiro. Promovido pelo Portal Consultoria em Turismo e coordenado pelo professor Bayard Boiteux, o programa existe h\u00e1 40 anos e j\u00e1 nomeou 350 embaixadores, entre eles nomes como Fernanda Montenegro e Chico Buarque de Holanda, al\u00e9m de escritores, jornalistas, chefs e influenciadores que promovem as riquezas e experi\u00eancias do estado.<\/p>\n\n\n\n<p>Tatiana D\u2019Angelo \u00e9 apresentadora, atriz e empres\u00e1ria com uma carreira consolidada no turismo, cultura e audiovisual. \u00c0 frente do programa Cinetur, que explora as experi\u00eancias tur\u00edsticas cinematogr\u00e1ficas de Petr\u00f3polis, ela atua tamb\u00e9m como comunicadora e representante do estado em eventos tur\u00edsticos nacionais e internacionais. Sobre a premia\u00e7\u00e3o, Tatiana declarou: &#8220;Receber este t\u00edtulo \u00e9 uma honra. Estou muito feliz e emocionada, mas isso aumenta a responsabilidade e o comprometimento em promover e divulgar um estado t\u00e3o especial. O Rio est\u00e1 na moda. N\u00f3s somos a vitrine do Brasil para o mundo. \u00c9 o momento de mostrarmos ainda mais nosso valor&#8221;, disse.<\/p>\n\n\n\n<p>Marcelus Fassano tem uma ampla trajet\u00f3ria ligada \u00e0 produ\u00e7\u00e3o de eventos em Petr\u00f3polis e no Rio, tendo atuado na produ\u00e7\u00e3o dos Jogos Pan-Americanos de 2007, no Maracan\u00e3; no Rock in Rio 2015 e, na Copa do Mundo de Mountain Bike, de 2021. \u00c9 tamb\u00e9m idealizador de projetos de destaque como o Petr\u00f3polis Bike Day e colunista gastron\u00f4mico no Di\u00e1rio de Petr\u00f3polis. &#8220;\u00c9 uma emo\u00e7\u00e3o indescrit\u00edvel receber o t\u00edtulo de Embaixador de Turismo do Rio. Para algu\u00e9m de Petr\u00f3polis, uma cidade que carrega tanta hist\u00f3ria e charme, ser reconhecido por promover o turismo do nosso estado \u00e9 um orgulho imenso. Esse t\u00edtulo \u00e9 para todos n\u00f3s!\u201d, destacou.<\/p>\n\n\n\n<p>Organizador do evento, Bayard Boiteux acrescentou que a for\u00e7a e efic\u00e1cia do programa Embaixadores de Turismo do RJ est\u00e1 na diversidade e pluralidade dos escolhidos anualmente, que ajudam a promover a imagem institucional do estado.<\/p>\n\n\n\n<p>A cerim\u00f4nia contou com a posse de 16 novos embaixadores, que agora fortalecem a promo\u00e7\u00e3o das riquezas do Rio de Janeiro no Brasil e no mundo.<\/p>\n","protected":false},"excerpt":{"rendered":"<p>Tatiana D\u2019Angelo e Marcelus Fassano foram nomeados durante cerim\u00f4nia que ocorreu na quarta-feira no Centro<\/p>\n","protected":false},"author":2,"featured_media":97548,"comment_status":"open","ping_status":"open","sticky":false,"template":"","format":"standard","meta":{"footnotes":""},"categories":[12],"tags":[],"class_list":["post-97547","post","type-post","status-publish","format-standard","has-post-thumbnail","hentry","category-cidade"],"_links":{"self":[{"href":"https:\/\/tvc16.com\/portal\/wp-json\/wp\/v2\/posts\/97547","targetHints":{"allow":["GET"]}}],"collection":[{"href":"https:\/\/tvc16.com\/portal\/wp-json\/wp\/v2\/posts"}],"about":[{"href":"https:\/\/tvc16.com\/portal\/wp-json\/wp\/v2\/types\/post"}],"author":[{"embeddable":true,"href":"https:\/\/tvc16.com\/portal\/wp-json\/wp\/v2\/users\/2"}],"replies":[{"embeddable":true,"href":"https:\/\/tvc16.com\/portal\/wp-json\/wp\/v2\/comments?post=97547"}],"version-history":[{"count":1,"href":"https:\/\/tvc16.com\/portal\/wp-json\/wp\/v2\/posts\/97547\/revisions"}],"predecessor-version":[{"id":97549,"href":"https:\/\/tvc16.com\/portal\/wp-json\/wp\/v2\/posts\/97547\/revisions\/97549"}],"wp:featuredmedia":[{"embeddable":true,"href":"https:\/\/tvc16.com\/portal\/wp-json\/wp\/v2\/media\/97548"}],"wp:attachment":[{"href":"https:\/\/tvc16.com\/portal\/wp-json\/wp\/v2\/media?parent=97547"}],"wp:term":[{"taxonomy":"category","embeddable":true,"href":"https:\/\/tvc16.com\/portal\/wp-json\/wp\/v2\/categories?post=97547"},{"taxonomy":"post_tag","embeddable":true,"href":"https:\/\/tvc16.com\/portal\/wp-json\/wp\/v2\/tags?post=97547"}],"curies":[{"name":"wp","href":"https:\/\/api.w.org\/{rel}","templated":true}]}}