{"id":97555,"date":"2025-01-19T19:00:00","date_gmt":"2025-01-19T22:00:00","guid":{"rendered":"https:\/\/tvc16.com\/portal\/?p=97555"},"modified":"2025-01-18T22:58:37","modified_gmt":"2025-01-19T01:58:37","slug":"sesc-verao-teresopolis-recebe-mais-uma-edicao-do-festival-confira-a-programacao","status":"publish","type":"post","link":"https:\/\/tvc16.com\/portal\/2025\/01\/19\/sesc-verao-teresopolis-recebe-mais-uma-edicao-do-festival-confira-a-programacao\/","title":{"rendered":"Sesc Ver\u00e3o: Teres\u00f3polis recebe mais uma edi\u00e7\u00e3o do festival; confira a programa\u00e7\u00e3o"},"content":{"rendered":"\n<p>O Festival Sesc de Ver\u00e3o \u00e9 uma \u00f3tima oportunidade para aproveitar atividades culturais e de lazer. Com uma programa\u00e7\u00e3o gratuita e voltada para toda a fam\u00edlia, o evento em Teres\u00f3polis ocorrer\u00e1 at\u00e9 o dia 16 de fevereiro, com atividades na Pra\u00e7a Ol\u00edmpica Lu\u00eds Cam\u00f5es, na V\u00e1rzea, e no Parque Nacional Serra dos \u00d3rg\u00e3os.<\/p>\n\n\n\n<p>Entre as atra\u00e7\u00f5es, haver\u00e1 aula de hidrogin\u00e1stica, festival de futmesa e show da banda Quintal do C\u00e9u, que prometem agitar e movimentar a cidade. A iniciativa conta com o apoio da Prefeitura de Teres\u00f3polis, por meio da Secretaria Municipal de Turismo.<\/p>\n","protected":false},"excerpt":{"rendered":"<p>O Festival Sesc de Ver\u00e3o \u00e9 uma \u00f3tima oportunidade para aproveitar atividades culturais e de<\/p>\n","protected":false},"author":2,"featured_media":97556,"comment_status":"open","ping_status":"open","sticky":false,"template":"","format":"standard","meta":{"footnotes":""},"categories":[17],"tags":[],"class_list":["post-97555","post","type-post","status-publish","format-standard","has-post-thumbnail","hentry","category-outras-noticias"],"_links":{"self":[{"href":"https:\/\/tvc16.com\/portal\/wp-json\/wp\/v2\/posts\/97555","targetHints":{"allow":["GET"]}}],"collection":[{"href":"https:\/\/tvc16.com\/portal\/wp-json\/wp\/v2\/posts"}],"about":[{"href":"https:\/\/tvc16.com\/portal\/wp-json\/wp\/v2\/types\/post"}],"author":[{"embeddable":true,"href":"https:\/\/tvc16.com\/portal\/wp-json\/wp\/v2\/users\/2"}],"replies":[{"embeddable":true,"href":"https:\/\/tvc16.com\/portal\/wp-json\/wp\/v2\/comments?post=97555"}],"version-history":[{"count":1,"href":"https:\/\/tvc16.com\/portal\/wp-json\/wp\/v2\/posts\/97555\/revisions"}],"predecessor-version":[{"id":97557,"href":"https:\/\/tvc16.com\/portal\/wp-json\/wp\/v2\/posts\/97555\/revisions\/97557"}],"wp:featuredmedia":[{"embeddable":true,"href":"https:\/\/tvc16.com\/portal\/wp-json\/wp\/v2\/media\/97556"}],"wp:attachment":[{"href":"https:\/\/tvc16.com\/portal\/wp-json\/wp\/v2\/media?parent=97555"}],"wp:term":[{"taxonomy":"category","embeddable":true,"href":"https:\/\/tvc16.com\/portal\/wp-json\/wp\/v2\/categories?post=97555"},{"taxonomy":"post_tag","embeddable":true,"href":"https:\/\/tvc16.com\/portal\/wp-json\/wp\/v2\/tags?post=97555"}],"curies":[{"name":"wp","href":"https:\/\/api.w.org\/{rel}","templated":true}]}}