{"id":97596,"date":"2025-01-20T10:53:44","date_gmt":"2025-01-20T13:53:44","guid":{"rendered":"https:\/\/tvc16.com\/portal\/?p=97596"},"modified":"2025-01-20T10:53:46","modified_gmt":"2025-01-20T13:53:46","slug":"inscricoes-para-o-sisu-terminam-nesta-terca-feira","status":"publish","type":"post","link":"https:\/\/tvc16.com\/portal\/2025\/01\/20\/inscricoes-para-o-sisu-terminam-nesta-terca-feira\/","title":{"rendered":"Inscri\u00e7\u00f5es para o Sisu terminam nesta ter\u00e7a-feira"},"content":{"rendered":"\n<p><em>Matr\u00edculas podem ser feitas entre 27 e 31 de janeiro<\/em><\/p>\n\n\n\n<p>Por Paula Laboissi\u00e8re \u2013 Rep\u00f3rter da Ag\u00eancia Brasil \/ Foto: Rovena Rosa\/Ag\u00eancia Brasil<\/p>\n\n\n\n<p><\/p>\n\n\n\n<p>As inscri\u00e7\u00f5es para o Sistema de Sele\u00e7\u00e3o Unificada (Sisu) terminam nesta ter\u00e7a-feira (21). O prazo come\u00e7ou na \u00faltima sexta-feira (17). Segundo o cronograma oficial, o resultado da chamada regular est\u00e1 previsto para 26 de janeiro, enquanto o per\u00edodo de matr\u00edculas ser\u00e1 entre 27 e 31 de janeiro. J\u00e1 o prazo para participar da lista de espera vai de 26 a 31 de janeiro.<img decoding=\"async\" src=\"https:\/\/agenciabrasil.ebc.com.br\/ebc.png?id=1627297&amp;o=node\"><img decoding=\"async\" src=\"https:\/\/agenciabrasil.ebc.com.br\/ebc.gif?id=1627297&amp;o=node\"><\/p>\n\n\n\n<p>Gerido pelo Minist\u00e9rio da Educa\u00e7\u00e3o (MEC), o sistema executa a sele\u00e7\u00e3o de estudantes com base na m\u00e9dia da nota do&nbsp;<a href=\"https:\/\/agenciabrasil.ebc.com.br\/educacao\/noticia\/2025-01\/resultados-do-enem-2024-ja-estao-disponiveis-na-pagina-do-participante\" target=\"_blank\" rel=\"noreferrer noopener\">Exame Nacional do Ensino M\u00e9dio (Enem)<\/a>&nbsp;at\u00e9 o limite da oferta de vagas por institui\u00e7\u00f5es p\u00fablicas de ensino superior, por curso e modalidade de concorr\u00eancia, de acordo com a escolha dos candidatos inscritos e perfil socioecon\u00f4mico.<\/p>\n\n\n\n<p><a href=\"https:\/\/sisualuno.mec.gov.br\/#\/login\" target=\"_blank\" rel=\"noreferrer noopener\">A inscri\u00e7\u00e3o \u00e9 gratuita<\/a>&nbsp;e feita exclusivamente pela internet. O acesso ao sistema de inscri\u00e7\u00e3o \u00e9 realizado com as informa\u00e7\u00f5es de login e senha para acesso aos servi\u00e7os digitais do governo federal, mediante uma conta no gov.br. Quando o candidato realiza o login, o sistema recupera, automaticamente, as notas obtidas na edi\u00e7\u00e3o do Enem v\u00e1lida para o processo seletivo.<\/p>\n\n\n\n<h2 class=\"wp-block-heading\">Question\u00e1rio<\/h2>\n\n\n\n<p>No ato da inscri\u00e7\u00e3o, o candidato preenche um question\u00e1rio socioecon\u00f4mico do perfil para Lei de Cotas e escolhe at\u00e9 duas op\u00e7\u00f5es de curso dentre as ofertadas em cada processo seletivo do Sisu. \u00c9 poss\u00edvel alterar as op\u00e7\u00f5es de curso durante todo o per\u00edodo de inscri\u00e7\u00f5es. A inscri\u00e7\u00e3o v\u00e1lida ser\u00e1 a \u00faltima registrada no sistema.<\/p>\n\n\n\n<p>Quem n\u00e3o for selecionado em nenhuma das duas op\u00e7\u00f5es de curso indicadas no ato de inscri\u00e7\u00e3o ainda pode disputar uma das vagas por meio da lista de espera do Sisu.<\/p>\n\n\n\n<p>Todos os estudantes que participaram do Enem 2024 obtiveram nota na&nbsp;<a href=\"https:\/\/agenciabrasil.ebc.com.br\/educacao\/noticia\/2025-01\/enem-2024-registrou-12-redacoes-com-nota-mil-uma-da-rede-publica\" target=\"_blank\" rel=\"noreferrer noopener\">prova de reda\u00e7\u00e3o maior do que zero&nbsp;<\/a>e n\u00e3o declararam estar na condi\u00e7\u00e3o de treineiro podem participar do Sisu.<br><\/p>\n","protected":false},"excerpt":{"rendered":"<p>Matr\u00edculas podem ser feitas entre 27 e 31 de janeiro Por Paula Laboissi\u00e8re \u2013 Rep\u00f3rter<\/p>\n","protected":false},"author":2,"featured_media":97597,"comment_status":"open","ping_status":"open","sticky":false,"template":"","format":"standard","meta":{"footnotes":""},"categories":[17],"tags":[],"class_list":["post-97596","post","type-post","status-publish","format-standard","has-post-thumbnail","hentry","category-outras-noticias"],"_links":{"self":[{"href":"https:\/\/tvc16.com\/portal\/wp-json\/wp\/v2\/posts\/97596","targetHints":{"allow":["GET"]}}],"collection":[{"href":"https:\/\/tvc16.com\/portal\/wp-json\/wp\/v2\/posts"}],"about":[{"href":"https:\/\/tvc16.com\/portal\/wp-json\/wp\/v2\/types\/post"}],"author":[{"embeddable":true,"href":"https:\/\/tvc16.com\/portal\/wp-json\/wp\/v2\/users\/2"}],"replies":[{"embeddable":true,"href":"https:\/\/tvc16.com\/portal\/wp-json\/wp\/v2\/comments?post=97596"}],"version-history":[{"count":1,"href":"https:\/\/tvc16.com\/portal\/wp-json\/wp\/v2\/posts\/97596\/revisions"}],"predecessor-version":[{"id":97598,"href":"https:\/\/tvc16.com\/portal\/wp-json\/wp\/v2\/posts\/97596\/revisions\/97598"}],"wp:featuredmedia":[{"embeddable":true,"href":"https:\/\/tvc16.com\/portal\/wp-json\/wp\/v2\/media\/97597"}],"wp:attachment":[{"href":"https:\/\/tvc16.com\/portal\/wp-json\/wp\/v2\/media?parent=97596"}],"wp:term":[{"taxonomy":"category","embeddable":true,"href":"https:\/\/tvc16.com\/portal\/wp-json\/wp\/v2\/categories?post=97596"},{"taxonomy":"post_tag","embeddable":true,"href":"https:\/\/tvc16.com\/portal\/wp-json\/wp\/v2\/tags?post=97596"}],"curies":[{"name":"wp","href":"https:\/\/api.w.org\/{rel}","templated":true}]}}