{"id":9760,"date":"2021-01-20T05:54:52","date_gmt":"2021-01-20T08:54:52","guid":{"rendered":"https:\/\/tvc16.com\/portal\/?p=9760"},"modified":"2021-01-20T05:57:24","modified_gmt":"2021-01-20T08:57:24","slug":"familias-pobres-foram-as-mais-atingidas-pela-inflacao-em-2020","status":"publish","type":"post","link":"https:\/\/tvc16.com\/portal\/2021\/01\/20\/familias-pobres-foram-as-mais-atingidas-pela-inflacao-em-2020\/","title":{"rendered":"Fam\u00edlias pobres foram as mais atingidas pela infla\u00e7\u00e3o em 2020"},"content":{"rendered":"\n<p>Taxa de infla\u00e7\u00e3o para as fam\u00edlias cujo rendimento total, por m\u00eas, \u00e9 menor que R$ 1.650,50 foi de 1,58% em dezembro<\/p>\n\n\n\n<p>Pesquisa realizada pelo Instituto de Pesquisa Econ\u00f4mica Aplicada (Ipea) revelou aumento da infla\u00e7\u00e3o para todos os brasileiros em 2020, <strong>com crescimento no final do ano em todas as faixas de renda pesquisadas<\/strong>. A taxa de infla\u00e7\u00e3o para as fam\u00edlias cujo rendimento total, por m\u00eas, \u00e9 menor que R$ 1.650,50 (o que no Brasil \u00e9 considerada uma fam\u00edlia com baixa renda) foi de 1,58% em dezembro. Na faixa que representa as fam\u00edlias de renda mais alta, ou seja, com rendimento domiciliar superior a R$ 16.509,66, a varia\u00e7\u00e3o foi de 1,05%.<\/p>\n\n\n\n<p>Essa diferen\u00e7a de 0,53 ponto percentual, entre os dois grupos, revela um abismo muito maior entre a qualidade de vida dos mais ricos e dos mais pobres do que esse pequeno n\u00famero nos deixa transparecer. Isso porque a infla\u00e7\u00e3o \u00e9 o nome que se d\u00e1 para o aumento de pre\u00e7os durante um determinado per\u00edodo. Quando se tem uma alta de pre\u00e7os de bens e servi\u00e7os, seja de um m\u00eas para o outro ou de um ano para outro, esse efeito \u00e9 o que chamamos de infla\u00e7\u00e3o. Da mesma forma, quando temos a queda nos pre\u00e7os de bens ou servi\u00e7os, conhecemos esse fen\u00f4meno por defla\u00e7\u00e3o.<\/p>\n\n\n\n<p>Quando uma pesquisa \u00e9 realizada para saber como est\u00e1 a infla\u00e7\u00e3o destes servi\u00e7os ou bens, \u00e9 feita uma avalia\u00e7\u00e3o de acordo com o tipo de consumo de determinada popula\u00e7\u00e3o. Desta forma, os produtos que as pessoas mais ricas compram \u00e9 diferente do que \u00e9 consumido pelos brasileiros com menor renda, logo, uma avalia\u00e7\u00e3o dos impactos da infla\u00e7\u00e3o deve levar em conta o que cada uma dessas parcelas da sociedade est\u00e1 comprando.<\/p>\n\n\n\n<p>\u00c9 por isso que a an\u00e1lise de consumo \u00e9 diferente entre ricos e pobres, explica a pesquisadora do Ipea, Maria Andreia Lameiras. Segundo ela, uma alta na infla\u00e7\u00e3o \u00e9 mais prejudicial para as fam\u00edlias mais pobres do Pa\u00eds.<\/p>\n\n\n\n<p>\u201cProporcionalmente a perda do poder de compra e da qualidade de vida que a infla\u00e7\u00e3o traz para as fam\u00edlias mais pobres \u00e9 muito maior. As mais ricas t\u00eam uma reserva monet\u00e1ria que pode ajudar essa fam\u00edlia em um momento de alta generalizada dos pre\u00e7os. J\u00e1 os mais pobres n\u00e3o. Quando voc\u00ea tem uma alta muito grande da infla\u00e7\u00e3o para os mais pobres, eles simplesmente deixam de consumir alguns servi\u00e7os e itens de mercado\u201d, detalhou a pesquisadora. &nbsp;&nbsp;<\/p>\n\n\n\n<p>De acordo com Maria Lameiras, enquanto as pessoas com menor poder aquisitivo gastam recursos com alimentos, energia e transporte p\u00fablico, as fam\u00edlias com maior fonte de renda empregam seus recursos com servi\u00e7os como escolas particulares, plano de sa\u00fade e lazer.<\/p>\n\n\n\n<p>De acordo com o resultado do Ipea, ao longo do ano, a forte acelera\u00e7\u00e3o de pre\u00e7os de alimentos e energia, al\u00e9m de uma alta menos intensa nos pre\u00e7os dos servi\u00e7os e dos combust\u00edveis, geraram uma significativa diferen\u00e7a de infla\u00e7\u00e3o entre as faixas de renda mais baixa e mais alta. Mas esses s\u00e3o pontos que devem ter queda gradativa dentro de alguns meses com a normaliza\u00e7\u00e3o da vida na p\u00f3s-pandemia. \u00c9 nisso o que acredita o planejador financeiro e consultor de Finan\u00e7as Pessoais, Afr\u00e2nio Alves.<\/p>\n\n\n\n<p>\u201cA partir do momento em que a atividade econ\u00f4mica come\u00e7a a voltar \u00e0 sua normalidade ap\u00f3s o per\u00edodo da pandemia, haver\u00e1 a recoloca\u00e7\u00e3o natural e a recomposi\u00e7\u00e3o da empregabilidade. Assim, aquelas pessoas que est\u00e3o procurando emprego, assumem posi\u00e7\u00e3o e come\u00e7am a ter renda e aumenta-se o consumo\u201d, afirmou o especialista. &nbsp;<\/p>\n","protected":false},"excerpt":{"rendered":"<p>Taxa de infla\u00e7\u00e3o para as fam\u00edlias cujo rendimento total, por m\u00eas, \u00e9 menor que R$<\/p>\n","protected":false},"author":2,"featured_media":9761,"comment_status":"open","ping_status":"open","sticky":false,"template":"","format":"standard","meta":{"footnotes":""},"categories":[17],"tags":[],"class_list":["post-9760","post","type-post","status-publish","format-standard","has-post-thumbnail","hentry","category-outras-noticias"],"_links":{"self":[{"href":"https:\/\/tvc16.com\/portal\/wp-json\/wp\/v2\/posts\/9760","targetHints":{"allow":["GET"]}}],"collection":[{"href":"https:\/\/tvc16.com\/portal\/wp-json\/wp\/v2\/posts"}],"about":[{"href":"https:\/\/tvc16.com\/portal\/wp-json\/wp\/v2\/types\/post"}],"author":[{"embeddable":true,"href":"https:\/\/tvc16.com\/portal\/wp-json\/wp\/v2\/users\/2"}],"replies":[{"embeddable":true,"href":"https:\/\/tvc16.com\/portal\/wp-json\/wp\/v2\/comments?post=9760"}],"version-history":[{"count":2,"href":"https:\/\/tvc16.com\/portal\/wp-json\/wp\/v2\/posts\/9760\/revisions"}],"predecessor-version":[{"id":9764,"href":"https:\/\/tvc16.com\/portal\/wp-json\/wp\/v2\/posts\/9760\/revisions\/9764"}],"wp:featuredmedia":[{"embeddable":true,"href":"https:\/\/tvc16.com\/portal\/wp-json\/wp\/v2\/media\/9761"}],"wp:attachment":[{"href":"https:\/\/tvc16.com\/portal\/wp-json\/wp\/v2\/media?parent=9760"}],"wp:term":[{"taxonomy":"category","embeddable":true,"href":"https:\/\/tvc16.com\/portal\/wp-json\/wp\/v2\/categories?post=9760"},{"taxonomy":"post_tag","embeddable":true,"href":"https:\/\/tvc16.com\/portal\/wp-json\/wp\/v2\/tags?post=9760"}],"curies":[{"name":"wp","href":"https:\/\/api.w.org\/{rel}","templated":true}]}}