{"id":97602,"date":"2025-01-20T11:37:43","date_gmt":"2025-01-20T14:37:43","guid":{"rendered":"https:\/\/tvc16.com\/portal\/?p=97602"},"modified":"2025-01-20T11:37:45","modified_gmt":"2025-01-20T14:37:45","slug":"escola-de-musica-santa-cecilia-se-torna-ponto-de-cultura-com-projeto-de-alcance-comunitario","status":"publish","type":"post","link":"https:\/\/tvc16.com\/portal\/2025\/01\/20\/escola-de-musica-santa-cecilia-se-torna-ponto-de-cultura-com-projeto-de-alcance-comunitario\/","title":{"rendered":"Escola de M\u00fasica Santa Cec\u00edlia se torna Ponto de Cultura com projeto de alcance comunit\u00e1rio"},"content":{"rendered":"\n<p><em>Iniciativa promovida pelo Instituto Municipal de Cultura beneficiar\u00e1 artistas locais e democratizar\u00e1 o acesso \u00e0 cultura<\/em><\/p>\n\n\n\n<p>A Escola de M\u00fasica Santa Cec\u00edlia, uma das institui\u00e7\u00f5es culturais mais tradicionais de Petr\u00f3polis, acaba de se tornar um Ponto de Cultura, ap\u00f3s vencer o edital de chamamento p\u00fablico 03\/2024, promovido pela Prefeitura Municipal de Petr\u00f3polis, Instituto Municipal de Cultura e Fundo Municipal de Cultura. O projeto, que ter\u00e1 in\u00edcio em mar\u00e7o de 2025, prev\u00ea a realiza\u00e7\u00e3o de workshops quinzenais de manifesta\u00e7\u00f5es culturais diversas, no Teatro Reynaldo Chaves, integrando artistas e a comunidade local.<\/p>\n\n\n\n<p>O programa inclui a sele\u00e7\u00e3o de 20 grupos culturais para conduzir workshops gratuitos, abrangendo m\u00fasica, teatro, dan\u00e7a, artes pl\u00e1sticas, cultura popular e erudita, al\u00e9m de express\u00f5es de grupos ind\u00edgenas, negros, LGBTQIAPN+, quilombolas e pessoas com defici\u00eancia. Cada sess\u00e3o ser\u00e1 aberta a at\u00e9 80 participantes e culminar\u00e1 em um debate mediado por especialistas, promovendo intera\u00e7\u00e3o e reflex\u00f5es sobre a diversidade cultural.<\/p>\n\n\n\n<p>\u201cEste projeto \u00e9 um marco na hist\u00f3ria da Escola. Al\u00e9m de abrir espa\u00e7o para diferentes manifesta\u00e7\u00f5es culturais, reafirma nossa miss\u00e3o de democratizar o acesso \u00e0 arte e valorizar a cultura local. Nossa proposta \u00e9 garantir que todas as vozes tenham palco e que cada participante saia daqui transformado\u201d, celebra Janine Meirelles, presidente volunt\u00e1ria da Escola de M\u00fasica Santa Cec\u00edlia.<\/p>\n\n\n\n<p>Outro diferencial da iniciativa \u00e9 o registro e a divulga\u00e7\u00e3o de todas as apresenta\u00e7\u00f5es. As filmagens e fotografias dos eventos ser\u00e3o disponibilizadas gratuitamente aos participantes, ampliando o alcance das manifesta\u00e7\u00f5es art\u00edsticas e valorizando os grupos envolvidos.<\/p>\n\n\n\n<p>Com o projeto, a Escola de M\u00fasica Santa Cec\u00edlia visa atender a um dos princ\u00edpios do programa Cultura Viva: assegurar a diversidade cultural como direito de cidadania e atividade econ\u00f4mica. A iniciativa tamb\u00e9m fortalece o papel da escola como um espa\u00e7o acess\u00edvel e integrador, onde artistas e p\u00fablico podem compartilhar experi\u00eancias e debater sobre as m\u00faltiplas identidades culturais do munic\u00edpio.<\/p>\n\n\n\n<p>Os workshops acontecer\u00e3o de mar\u00e7o a novembro de 2025, e as inscri\u00e7\u00f5es para os grupos interessados em participar estar\u00e3o abertas nos pr\u00f3ximos meses, com ampla divulga\u00e7\u00e3o nas redes sociais da Escola. O p\u00fablico poder\u00e1 acompanhar as atividades presencialmente, mediante inscri\u00e7\u00e3o pr\u00e9via.<\/p>\n\n\n\n<p>Com esta conquista, a Escola de M\u00fasica Santa Cec\u00edlia reafirma seu compromisso com a cultura e a comunidade, transformando seu espa\u00e7o em um verdadeiro laborat\u00f3rio de arte e cidadania. \u201cAcreditamos que a cultura \u00e9 o caminho para construir uma sociedade mais justa, inclusiva e conectada com suas ra\u00edzes\u201d, conclui Janine.<\/p>\n","protected":false},"excerpt":{"rendered":"<p>Iniciativa promovida pelo Instituto Municipal de Cultura beneficiar\u00e1 artistas locais e democratizar\u00e1 o acesso \u00e0<\/p>\n","protected":false},"author":2,"featured_media":93604,"comment_status":"open","ping_status":"open","sticky":false,"template":"","format":"standard","meta":{"footnotes":""},"categories":[12],"tags":[],"class_list":["post-97602","post","type-post","status-publish","format-standard","has-post-thumbnail","hentry","category-cidade"],"_links":{"self":[{"href":"https:\/\/tvc16.com\/portal\/wp-json\/wp\/v2\/posts\/97602","targetHints":{"allow":["GET"]}}],"collection":[{"href":"https:\/\/tvc16.com\/portal\/wp-json\/wp\/v2\/posts"}],"about":[{"href":"https:\/\/tvc16.com\/portal\/wp-json\/wp\/v2\/types\/post"}],"author":[{"embeddable":true,"href":"https:\/\/tvc16.com\/portal\/wp-json\/wp\/v2\/users\/2"}],"replies":[{"embeddable":true,"href":"https:\/\/tvc16.com\/portal\/wp-json\/wp\/v2\/comments?post=97602"}],"version-history":[{"count":1,"href":"https:\/\/tvc16.com\/portal\/wp-json\/wp\/v2\/posts\/97602\/revisions"}],"predecessor-version":[{"id":97603,"href":"https:\/\/tvc16.com\/portal\/wp-json\/wp\/v2\/posts\/97602\/revisions\/97603"}],"wp:featuredmedia":[{"embeddable":true,"href":"https:\/\/tvc16.com\/portal\/wp-json\/wp\/v2\/media\/93604"}],"wp:attachment":[{"href":"https:\/\/tvc16.com\/portal\/wp-json\/wp\/v2\/media?parent=97602"}],"wp:term":[{"taxonomy":"category","embeddable":true,"href":"https:\/\/tvc16.com\/portal\/wp-json\/wp\/v2\/categories?post=97602"},{"taxonomy":"post_tag","embeddable":true,"href":"https:\/\/tvc16.com\/portal\/wp-json\/wp\/v2\/tags?post=97602"}],"curies":[{"name":"wp","href":"https:\/\/api.w.org\/{rel}","templated":true}]}}