{"id":97607,"date":"2025-01-20T13:19:12","date_gmt":"2025-01-20T16:19:12","guid":{"rendered":"https:\/\/tvc16.com\/portal\/?p=97607"},"modified":"2025-01-20T13:19:14","modified_gmt":"2025-01-20T16:19:14","slug":"fim-de-semana-em-teresopolis-foi-de-movimento-intenso-de-turistas","status":"publish","type":"post","link":"https:\/\/tvc16.com\/portal\/2025\/01\/20\/fim-de-semana-em-teresopolis-foi-de-movimento-intenso-de-turistas\/","title":{"rendered":"Fim de semana em Teres\u00f3polis foi de movimento intenso de turistas"},"content":{"rendered":"\n<p>Teres\u00f3polis \u00e9 uma cidade repleta de encantos. Rodeada por tr\u00eas \u00e1reas de preserva\u00e7\u00e3o ambiental e famosa por seu clima ameno e acolhedor, as belezas naturais da cidade a tornam um dos destinos tur\u00edsticos mais procurados para quem busca lazer e tranquilidade.<\/p>\n\n\n\n<p>Neste \u00faltimo final de semana, que contou com dias quentes e ensolarados, os moradores aproveitaram para explorar e visitar as diversas atra\u00e7\u00f5es tur\u00edsticas dispon\u00edveis no munic\u00edpio. Locais como a Feirarte \u2013 a conhecida Feirinha do Alto, o Centro de Atendimento ao Turista (CAT), no Soberbo, o Parque Nacional da Serra dos \u00d3rg\u00e3os &#8211; Parnaso &#8211; ICM, e o Horto Municipal estavam bastante movimentados. Isso \u00e9 resultado do &#8216;Doming\u00e3o Tarifa Zero&#8217;, que oferece transporte gratuito de \u00f4nibus para toda a popula\u00e7\u00e3o, incentivando passeios pela cidade.<\/p>\n\n\n\n<p>Em decorr\u00eancia disso, as equipes da Secretaria Municipal de Turismo realizaram visitas a todos os pontos tur\u00edsticos para acompanhar e monitorar a movimenta\u00e7\u00e3o. Teres\u00f3polis registrou uma taxa de ocupa\u00e7\u00e3o de 70,25% em geral. Esse dado \u00e9 bastante positivo para&nbsp;a cidade, especialmente por ser durante a baixa temporada.<\/p>\n\n\n\n<p>\u201cTeres\u00f3polis \u00e9 agraciada pela natureza e suas belezas naturais. Ver a cidade cheia de vida no final de semana valoriza o nosso Turismo. Com suas paisagens deslumbrantes e clima agrad\u00e1vel, tanto os moradores quanto os turistas se sentem atra\u00eddos a explorar&nbsp;a cidade e aproveitar o que ela tem de melhor,\u201d afirmou Nina Benedito, secret\u00e1ria de Turismo.<\/p>\n\n\n\n<p>Al\u00e9m disso, no feriado de S\u00e3o Sebasti\u00e3o, padroeiro da cidade do Rio de Janeiro, celebrado nesta segunda-feira, dia 20, Teres\u00f3polis tamb\u00e9m recebeu um grande n\u00famero de visitantes. Os turistas aproveitaram esses dias de descanso para subir a serra e desfrutar&nbsp;do sol, aproveitando ao m\u00e1ximo tudo o que Teres\u00f3polis tem a oferecer.<\/p>\n\n\n\n<p><strong>Fotos: Divulga\u00e7\u00e3<\/strong><strong>o.<\/strong><\/p>\n","protected":false},"excerpt":{"rendered":"<p>Teres\u00f3polis \u00e9 uma cidade repleta de encantos. Rodeada por tr\u00eas \u00e1reas de preserva\u00e7\u00e3o ambiental e<\/p>\n","protected":false},"author":2,"featured_media":97608,"comment_status":"open","ping_status":"open","sticky":false,"template":"","format":"standard","meta":{"footnotes":""},"categories":[17],"tags":[],"class_list":["post-97607","post","type-post","status-publish","format-standard","has-post-thumbnail","hentry","category-outras-noticias"],"_links":{"self":[{"href":"https:\/\/tvc16.com\/portal\/wp-json\/wp\/v2\/posts\/97607","targetHints":{"allow":["GET"]}}],"collection":[{"href":"https:\/\/tvc16.com\/portal\/wp-json\/wp\/v2\/posts"}],"about":[{"href":"https:\/\/tvc16.com\/portal\/wp-json\/wp\/v2\/types\/post"}],"author":[{"embeddable":true,"href":"https:\/\/tvc16.com\/portal\/wp-json\/wp\/v2\/users\/2"}],"replies":[{"embeddable":true,"href":"https:\/\/tvc16.com\/portal\/wp-json\/wp\/v2\/comments?post=97607"}],"version-history":[{"count":1,"href":"https:\/\/tvc16.com\/portal\/wp-json\/wp\/v2\/posts\/97607\/revisions"}],"predecessor-version":[{"id":97609,"href":"https:\/\/tvc16.com\/portal\/wp-json\/wp\/v2\/posts\/97607\/revisions\/97609"}],"wp:featuredmedia":[{"embeddable":true,"href":"https:\/\/tvc16.com\/portal\/wp-json\/wp\/v2\/media\/97608"}],"wp:attachment":[{"href":"https:\/\/tvc16.com\/portal\/wp-json\/wp\/v2\/media?parent=97607"}],"wp:term":[{"taxonomy":"category","embeddable":true,"href":"https:\/\/tvc16.com\/portal\/wp-json\/wp\/v2\/categories?post=97607"},{"taxonomy":"post_tag","embeddable":true,"href":"https:\/\/tvc16.com\/portal\/wp-json\/wp\/v2\/tags?post=97607"}],"curies":[{"name":"wp","href":"https:\/\/api.w.org\/{rel}","templated":true}]}}