{"id":97610,"date":"2025-01-25T05:00:00","date_gmt":"2025-01-25T08:00:00","guid":{"rendered":"https:\/\/tvc16.com\/portal\/?p=97610"},"modified":"2025-01-20T13:30:45","modified_gmt":"2025-01-20T16:30:45","slug":"saude-mental-e-fisica-uma-conexao-indispensavel","status":"publish","type":"post","link":"https:\/\/tvc16.com\/portal\/2025\/01\/25\/saude-mental-e-fisica-uma-conexao-indispensavel\/","title":{"rendered":"Sa\u00fade mental e f\u00edsica: uma conex\u00e3o indispens\u00e1vel"},"content":{"rendered":"\n<p>O impacto da sa\u00fade mental vai muito al\u00e9m do emocional, influenciando diretamente diversas condi\u00e7\u00f5es f\u00edsicas. Essa rela\u00e7\u00e3o complexa entre mente e corpo ganha cada vez mais aten\u00e7\u00e3o no campo m\u00e9dico, especialmente em abordagens multidisciplinares de tratamento. O Dr. Jaime Guimar\u00e3es, m\u00e9dico atuante em psiquiatria no Hospital Santa Teresa, destaca que &#8220;os transtornos emocionais, como ansiedade e depress\u00e3o, podem n\u00e3o apenas agravar doen\u00e7as j\u00e1 existentes, mas tamb\u00e9m contribuir para o surgimento de condi\u00e7\u00f5es f\u00edsicas, como dores cr\u00f4nicas e hipertens\u00e3o arterial.&#8221;<\/p>\n\n\n\n<p>Dores cr\u00f4nicas, por exemplo, s\u00e3o frequentemente associadas a sintomas de ansiedade e depress\u00e3o. Al\u00e9m de potencializar o desconforto, esses transtornos dificultam o tratamento da dor. &#8220;Em muitos casos, a combina\u00e7\u00e3o de psicoterapia e medicamentos espec\u00edficos, como antidepressivos que agem na serotonina e noradrenalina, tem demonstrado resultados positivos, tratando tanto a dor quanto os aspectos emocionais envolvidos&#8221;, explica Dr. Jaime.<\/p>\n\n\n\n<p>O estresse cr\u00f4nico, outro fator amplamente relacionado \u00e0 sa\u00fade mental, \u00e9 reconhecido como um dos agentes que agravam a hipertens\u00e3o arterial. &#8220;A exposi\u00e7\u00e3o cont\u00ednua a horm\u00f4nios do estresse, como a adrenalina, pode aumentar a rigidez vascular e elevar a press\u00e3o arterial, criando um elo significativo entre sa\u00fade mental e hipertens\u00e3o&#8221;, complementa o especialista.<\/p>\n\n\n\n<p>No caso de doen\u00e7as autoimunes, como o l\u00fapus, a comorbidade com transtornos emocionais tamb\u00e9m \u00e9 significativa. Estudos indicam que 24% dos pacientes com l\u00fapus apresentam depress\u00e3o, enquanto 37% convivem com ansiedade. &#8220;Abordagens como a Terapia Cognitivo-Comportamental (TCC) s\u00e3o eficazes para melhorar a qualidade de vida desses pacientes, especialmente quando integradas a outros tratamentos, como fisioterapia ou atividades relaxantes, a exemplo do yoga&#8221;, acrescenta.<\/p>\n\n\n\n<p>Problemas gastrointestinais, como refluxo g\u00e1strico e globus esof\u00e1gico (sensa\u00e7\u00e3o de n\u00f3 na garganta), tamb\u00e9m podem ter forte liga\u00e7\u00e3o com condi\u00e7\u00f5es psicol\u00f3gicas. &#8220;Embora nem sempre sejam causados por transtornos emocionais, \u00e9 comum que pacientes com n\u00edveis elevados de ansiedade relatem sintomas mais intensos, mesmo em est\u00e1gios leves da doen\u00e7a&#8221;, observa Dr. Jaime.<\/p>\n\n\n\n<p>Outro ponto de destaque \u00e9 a cefaleia tensional, o tipo mais comum de dor de cabe\u00e7a cr\u00f4nica, frequentemente associada ao estresse. &#8220;A psicoterapia \u00e9 uma ferramenta essencial para tratar a cefaleia tensional, ajudando os pacientes a lidar com os gatilhos comportamentais que agravam essa condi\u00e7\u00e3o&#8221;, esclarece o m\u00e9dico.<\/p>\n\n\n\n<p>Por fim, o Dr. Jaime refor\u00e7a que a integra\u00e7\u00e3o entre sa\u00fade mental e f\u00edsica \u00e9 indispens\u00e1vel para o bem-estar do paciente. &#8220;Promover um cuidado multidisciplinar, que considere o impacto emocional e f\u00edsico das doen\u00e7as, \u00e9 essencial para melhorar a qualidade de vida e os resultados terap\u00eauticos.&#8221;<\/p>\n\n\n\n<p>Foto: \u00a9 Marcelo Camargo\/Ag\u00eancia Brasil\/Arquivo<br><\/p>\n","protected":false},"excerpt":{"rendered":"<p>O impacto da sa\u00fade mental vai muito al\u00e9m do emocional, influenciando diretamente diversas condi\u00e7\u00f5es f\u00edsicas.<\/p>\n","protected":false},"author":2,"featured_media":97611,"comment_status":"open","ping_status":"open","sticky":false,"template":"","format":"standard","meta":{"footnotes":""},"categories":[12],"tags":[],"class_list":["post-97610","post","type-post","status-publish","format-standard","has-post-thumbnail","hentry","category-cidade"],"_links":{"self":[{"href":"https:\/\/tvc16.com\/portal\/wp-json\/wp\/v2\/posts\/97610","targetHints":{"allow":["GET"]}}],"collection":[{"href":"https:\/\/tvc16.com\/portal\/wp-json\/wp\/v2\/posts"}],"about":[{"href":"https:\/\/tvc16.com\/portal\/wp-json\/wp\/v2\/types\/post"}],"author":[{"embeddable":true,"href":"https:\/\/tvc16.com\/portal\/wp-json\/wp\/v2\/users\/2"}],"replies":[{"embeddable":true,"href":"https:\/\/tvc16.com\/portal\/wp-json\/wp\/v2\/comments?post=97610"}],"version-history":[{"count":1,"href":"https:\/\/tvc16.com\/portal\/wp-json\/wp\/v2\/posts\/97610\/revisions"}],"predecessor-version":[{"id":97612,"href":"https:\/\/tvc16.com\/portal\/wp-json\/wp\/v2\/posts\/97610\/revisions\/97612"}],"wp:featuredmedia":[{"embeddable":true,"href":"https:\/\/tvc16.com\/portal\/wp-json\/wp\/v2\/media\/97611"}],"wp:attachment":[{"href":"https:\/\/tvc16.com\/portal\/wp-json\/wp\/v2\/media?parent=97610"}],"wp:term":[{"taxonomy":"category","embeddable":true,"href":"https:\/\/tvc16.com\/portal\/wp-json\/wp\/v2\/categories?post=97610"},{"taxonomy":"post_tag","embeddable":true,"href":"https:\/\/tvc16.com\/portal\/wp-json\/wp\/v2\/tags?post=97610"}],"curies":[{"name":"wp","href":"https:\/\/api.w.org\/{rel}","templated":true}]}}