{"id":97613,"date":"2025-01-25T05:00:00","date_gmt":"2025-01-25T08:00:00","guid":{"rendered":"https:\/\/tvc16.com\/portal\/?p=97613"},"modified":"2025-01-20T13:42:34","modified_gmt":"2025-01-20T16:42:34","slug":"prefeitura-de-teresopolis-recupera-veiculos-para-atendimento-a-populacao-nas-areas-de-educacao-saude-e-servicos-publicos","status":"publish","type":"post","link":"https:\/\/tvc16.com\/portal\/2025\/01\/25\/prefeitura-de-teresopolis-recupera-veiculos-para-atendimento-a-populacao-nas-areas-de-educacao-saude-e-servicos-publicos\/","title":{"rendered":"Prefeitura de Teres\u00f3polis recupera ve\u00edculos para atendimento \u00e0 popula\u00e7\u00e3o nas \u00e1reas de Educa\u00e7\u00e3o, Sa\u00fade e Servi\u00e7os P\u00fablicos"},"content":{"rendered":"\n<p>As aulas na Rede Municipal de Ensino come\u00e7am no pr\u00f3ximo dia 5 de fevereiro e a Secretaria Municipal de Seguran\u00e7a P\u00fablica, por meio da Subsecretaria de Assessoramento de Transportes, est\u00e1 trabalhando, de maneira intensa, para que os ve\u00edculos que atendem a Secretaria de Educa\u00e7\u00e3o estejam prontos para rodar com seguran\u00e7a. Ve\u00edculos das secretarias de Sa\u00fade e Obras e Servi\u00e7os P\u00fablicos tamb\u00e9m foram recuperados e j\u00e1 est\u00e3o liberados para rodar e auxiliar em servi\u00e7os essenciais prestados \u00e0 popula\u00e7\u00e3o.<\/p>\n\n\n\n<p>Em 17 dias da gest\u00e3o do Prefeito Leonardo Vasconcellos, dos 22 ve\u00edculos da SME que precisavam de reparos, 18 j\u00e1 passaram por manuten\u00e7\u00e3o corretivas e preventivas, restando apenas quatro para finalizar&nbsp;&nbsp;nos pr\u00f3ximos dias..<\/p>\n\n\n\n<p>&nbsp;\u201cA SME possui 28 ve\u00edculos&nbsp;para transporte de professores, funcion\u00e1rios e alunos. Quando chegamos, apenas seis estavam com a manuten\u00e7\u00e3o em dia. Conseguimos fazer os servi\u00e7os corretivos e preventivos em 18 ve\u00edculos, como duas vans, que foram devidamente recuperadas, com substitui\u00e7\u00e3o de pe\u00e7as,&nbsp;aplica\u00e7\u00e3o de pneus, mec\u00e2nica preventiva e revis\u00e3o geral\u201d,&nbsp;explicou o&nbsp; secret\u00e1rio de Seguran\u00e7a P\u00fablica, S\u00e9rgio Mauro Louzada, informando que a Subsecretaria est\u00e1 com for\u00e7a tarefa para lavagem e higieniza\u00e7\u00e3o da frota da SME.&nbsp;<\/p>\n\n\n\n<p>O Setor de Transportes tamb\u00e9m segue com a manuten\u00e7\u00e3o de ve\u00edculos de outras secretarias, como um caminh\u00e3o que auxilia nas a\u00e7\u00f5es de Obras e Servi\u00e7os P\u00fablicos, que estava parado desde outubro de 2024, sem embreagem.&nbsp;Foram trocados o kit de embreagem e o volante do motor.&nbsp;Tamb\u00e9m foi executado o trabalho de recupera\u00e7\u00e3o de um caminh\u00e3o para uso nos servi\u00e7os da Secretaria de Agricultura.<\/p>\n\n\n\n<p>Outra frente de trabalho atuou no conserto do ve\u00edculo que presta atendimento \u00e0 popula\u00e7\u00e3o por meio do Conselho&nbsp;Tutelar. Foi feita a abertura do c\u00e1rter para retirada de peda\u00e7o da vareta danificada; troca de filtro e \u00f3leo; coloca\u00e7\u00e3o de dois pneus novos.<\/p>\n\n\n\n<p>Um ve\u00edculo Iveco da GCM tamb\u00e9m precisou de reparos e j\u00e1 est\u00e1 pronto para rodar, assim como um Gol da Secretaria de Sa\u00fade, que foram necess\u00e1rias as trocas de disco e pastilha de freio, tamb\u00e9m j\u00e1 est\u00e1 pronto para atender aos pacientes.&nbsp;Tamb\u00e9m foi realizada manuten\u00e7\u00e3o na Kombi que auxilia nos servi\u00e7os da Subsecretaria de Parques e Jardins.<\/p>\n\n\n\n<p>\u201cO trabalho segue, com responsabilidade e agilidade, para que os servi\u00e7os \u00e0 popula\u00e7\u00e3o sejam prestados de forma segura e eficiente. Conseguimos recuperar v\u00e1rios ve\u00edculos que estavam em estado prec\u00e1rio e que s\u00e3o essenciais para a Secretaria de Educa\u00e7\u00e3o, principalmente, mas tamb\u00e9m temos outras frentes na recupera\u00e7\u00e3o de caminh\u00f5es e carros de outras secretarias, como Sa\u00fade e Obras e Servi\u00e7os P\u00fablicos\u201d, explicou S\u00e9rgio Mauro.<\/p>\n\n\n\n<p><strong>Fotos: Divulga\u00e7\u00e3o<\/strong><\/p>\n","protected":false},"excerpt":{"rendered":"<p>As aulas na Rede Municipal de Ensino come\u00e7am no pr\u00f3ximo dia 5 de fevereiro e<\/p>\n","protected":false},"author":2,"featured_media":97614,"comment_status":"open","ping_status":"open","sticky":false,"template":"","format":"standard","meta":{"footnotes":""},"categories":[17],"tags":[],"class_list":["post-97613","post","type-post","status-publish","format-standard","has-post-thumbnail","hentry","category-outras-noticias"],"_links":{"self":[{"href":"https:\/\/tvc16.com\/portal\/wp-json\/wp\/v2\/posts\/97613","targetHints":{"allow":["GET"]}}],"collection":[{"href":"https:\/\/tvc16.com\/portal\/wp-json\/wp\/v2\/posts"}],"about":[{"href":"https:\/\/tvc16.com\/portal\/wp-json\/wp\/v2\/types\/post"}],"author":[{"embeddable":true,"href":"https:\/\/tvc16.com\/portal\/wp-json\/wp\/v2\/users\/2"}],"replies":[{"embeddable":true,"href":"https:\/\/tvc16.com\/portal\/wp-json\/wp\/v2\/comments?post=97613"}],"version-history":[{"count":1,"href":"https:\/\/tvc16.com\/portal\/wp-json\/wp\/v2\/posts\/97613\/revisions"}],"predecessor-version":[{"id":97615,"href":"https:\/\/tvc16.com\/portal\/wp-json\/wp\/v2\/posts\/97613\/revisions\/97615"}],"wp:featuredmedia":[{"embeddable":true,"href":"https:\/\/tvc16.com\/portal\/wp-json\/wp\/v2\/media\/97614"}],"wp:attachment":[{"href":"https:\/\/tvc16.com\/portal\/wp-json\/wp\/v2\/media?parent=97613"}],"wp:term":[{"taxonomy":"category","embeddable":true,"href":"https:\/\/tvc16.com\/portal\/wp-json\/wp\/v2\/categories?post=97613"},{"taxonomy":"post_tag","embeddable":true,"href":"https:\/\/tvc16.com\/portal\/wp-json\/wp\/v2\/tags?post=97613"}],"curies":[{"name":"wp","href":"https:\/\/api.w.org\/{rel}","templated":true}]}}