{"id":97616,"date":"2025-01-25T05:00:00","date_gmt":"2025-01-25T08:00:00","guid":{"rendered":"https:\/\/tvc16.com\/portal\/?p=97616"},"modified":"2025-01-20T13:45:24","modified_gmt":"2025-01-20T16:45:24","slug":"governador-claudio-castro-anuncia-obras-de-reestruturacao-e-construcao-de-espacos-publicos-na-costa-verde","status":"publish","type":"post","link":"https:\/\/tvc16.com\/portal\/2025\/01\/25\/governador-claudio-castro-anuncia-obras-de-reestruturacao-e-construcao-de-espacos-publicos-na-costa-verde\/","title":{"rendered":"Governador Cl\u00e1udio Castro anuncia obras de reestrutura\u00e7\u00e3o e constru\u00e7\u00e3o de espa\u00e7os p\u00fablicos na Costa Verde"},"content":{"rendered":"\n<p>O governador Cl\u00e1udio Castro anunciou, nesta segunda-feira (20\/01), que os munic\u00edpios de Mangaratiba e Paraty receber\u00e3o o Limpa Rio Margens, programa do Instituto Estadual do Ambiente (Inea), que promove a reestrutura\u00e7\u00e3o e constru\u00e7\u00e3o de espa\u00e7os p\u00fablicos pr\u00f3ximos a rios. Acompanhado do secret\u00e1rio de estado do Ambiente e Sustentabilidade, Bernardo Rossi, Castro esteve no Canal do Leit\u00e3o, na Praia do Saco, em Mangaratiba, para vistoriar diversas interven\u00e7\u00f5es que est\u00e3o sendo executadas pelo \u00f3rg\u00e3o ambiental estadual na regi\u00e3o.<\/p>\n\n\n\n<p>\u2013 O Limpa Rio Margens vai al\u00e9m da recupera\u00e7\u00e3o ambiental. Estamos dando continuidade a um servi\u00e7o que j\u00e1 vem sendo executado pelos nossos \u00f3rg\u00e3os estaduais, e ampliando para garantir mais dignidade aos moradores. Cuidar da sa\u00fade do meio ambiente \u00e9 tamb\u00e9m zelar pela seguran\u00e7a e qualidade de vida de toda a popula\u00e7\u00e3o \u2013 declarou o governador.<\/p>\n\n\n\n<p>Com investimentos de cerca de R$ 88 milh\u00f5es, o Limpa Rio Margens vai transformar \u00e1reas degradadas de todo o estado em locais de conviv\u00eancia social coletiva, com a implanta\u00e7\u00e3o de pistas de skate, pra\u00e7as, parques infantis, campos ou academias ao ar livre.<\/p>\n\n\n\n<p>\u2013 O projeto \u00e9 uma forma de unir sustentabilidade e lazer. Nossa meta \u00e9 que essa iniciativa alcance cidades de Norte a Sul do estado, como j\u00e1 acontece com o Limpa Rio, um dos nossos programas mais bem-sucedidos \u2013 afirmou o secret\u00e1rio de Estado do Ambiente e Sustentabilidade, Bernardo Rossi.<\/p>\n\n\n\n<p>A modelagem das interven\u00e7\u00f5es previstas vai variar de acordo com cada regi\u00e3o a ser implantada. O novo projeto, que atender\u00e1 a mais de 50 cidades, envolve ainda a prepara\u00e7\u00e3o para eventos extremos, diante das mudan\u00e7as clim\u00e1ticas, bem como para melhorar a qualidade de vida dos fluminenses diante das ocupa\u00e7\u00f5es irregulares nas faixas marginais de prote\u00e7\u00e3o dos rios.<\/p>\n\n\n\n<p>Desde o in\u00edcio do m\u00eas, o trabalho foi intensificado, com mobiliza\u00e7\u00e3o de mais equipamentos para auxiliar os munic\u00edpios no enfrentamento das fortes chuvas. Atualmente, duas m\u00e1quinas e quatro caminh\u00f5es trabalham nas interven\u00e7\u00f5es em Mangaratiba, enquanto em Paraty duas retroescavadeiras atuam nos servi\u00e7os de aux\u00edlio \u00e0s chuvas.<\/p>\n\n\n\n<p>Em 2024, o Governo do Estado investiu R$ 986 mil em a\u00e7\u00f5es do Limpa Rio em Mangaratiba. Por meio do programa, cerca 15 mil m\u00b3&nbsp;de res\u00edduos foram retirados de rios, c\u00f3rregos e lagos. J\u00e1 em Paraty, o poder executivo estadual retirou cerca de 30m\u00b3 de sedimentos de quatro rios da cidade, a partir de um investimento de R$ 1,4 milh\u00e3o.<\/p>\n\n\n\n<p><strong>Sobre o Limpa Rio<\/strong><\/p>\n\n\n\n<p>O Limpa Rio, lan\u00e7ado em 2020, \u00e9 um programa voltado para a limpeza e desassoreamento de rios, c\u00f3rregos e lagos. Em 2024, o Governo do Estado do Rio investiu cerca de R$ 250 milh\u00f5es na iniciativa. A retirada de lixo e detritos durante o per\u00edodo de estiagem melhora as condi\u00e7\u00f5es dos rios, reduzindo a ocorr\u00eancia de alagamentos durante os temporais de ver\u00e3o.<\/p>\n","protected":false},"excerpt":{"rendered":"<p>O governador Cl\u00e1udio Castro anunciou, nesta segunda-feira (20\/01), que os munic\u00edpios de Mangaratiba e Paraty<\/p>\n","protected":false},"author":2,"featured_media":97617,"comment_status":"open","ping_status":"open","sticky":false,"template":"","format":"standard","meta":{"footnotes":""},"categories":[17],"tags":[],"class_list":["post-97616","post","type-post","status-publish","format-standard","has-post-thumbnail","hentry","category-outras-noticias"],"_links":{"self":[{"href":"https:\/\/tvc16.com\/portal\/wp-json\/wp\/v2\/posts\/97616","targetHints":{"allow":["GET"]}}],"collection":[{"href":"https:\/\/tvc16.com\/portal\/wp-json\/wp\/v2\/posts"}],"about":[{"href":"https:\/\/tvc16.com\/portal\/wp-json\/wp\/v2\/types\/post"}],"author":[{"embeddable":true,"href":"https:\/\/tvc16.com\/portal\/wp-json\/wp\/v2\/users\/2"}],"replies":[{"embeddable":true,"href":"https:\/\/tvc16.com\/portal\/wp-json\/wp\/v2\/comments?post=97616"}],"version-history":[{"count":1,"href":"https:\/\/tvc16.com\/portal\/wp-json\/wp\/v2\/posts\/97616\/revisions"}],"predecessor-version":[{"id":97618,"href":"https:\/\/tvc16.com\/portal\/wp-json\/wp\/v2\/posts\/97616\/revisions\/97618"}],"wp:featuredmedia":[{"embeddable":true,"href":"https:\/\/tvc16.com\/portal\/wp-json\/wp\/v2\/media\/97617"}],"wp:attachment":[{"href":"https:\/\/tvc16.com\/portal\/wp-json\/wp\/v2\/media?parent=97616"}],"wp:term":[{"taxonomy":"category","embeddable":true,"href":"https:\/\/tvc16.com\/portal\/wp-json\/wp\/v2\/categories?post=97616"},{"taxonomy":"post_tag","embeddable":true,"href":"https:\/\/tvc16.com\/portal\/wp-json\/wp\/v2\/tags?post=97616"}],"curies":[{"name":"wp","href":"https:\/\/api.w.org\/{rel}","templated":true}]}}