{"id":97619,"date":"2025-01-20T13:59:36","date_gmt":"2025-01-20T16:59:36","guid":{"rendered":"https:\/\/tvc16.com\/portal\/?p=97619"},"modified":"2025-01-20T13:59:38","modified_gmt":"2025-01-20T16:59:38","slug":"claudio-castro-anuncia-investimentos-na-area-ambiental-e-na-saude-da-regiao-serrana","status":"publish","type":"post","link":"https:\/\/tvc16.com\/portal\/2025\/01\/20\/claudio-castro-anuncia-investimentos-na-area-ambiental-e-na-saude-da-regiao-serrana\/","title":{"rendered":"Cl\u00e1udio Castro anuncia investimentos na \u00e1rea ambiental e na sa\u00fade da regi\u00e3o Serrana"},"content":{"rendered":"\n<p>O governador Cl\u00e1udio Castro esteve em Petr\u00f3polis para o lan\u00e7amento da segunda fase das interven\u00e7\u00f5es do Limpa Rio no munic\u00edpio, no Rio Piabanha, nos arredores do Pal\u00e1cio de Cristal. A a\u00e7\u00e3o vai contar com 20 caminh\u00f5es, duas escavadeiras e um trator esteira, al\u00e9m de 23 funcion\u00e1rios operando o maquin\u00e1rio.<\/p>\n\n\n\n<p>\u2013 A regi\u00e3o Serrana carece de algumas estruturas, e a parte do Centro Hist\u00f3rico j\u00e1 sofreu muitas trag\u00e9dias. Colocamos mais 10 m\u00e1quinas para atuar aqui. Nosso objetivo \u00e9 aproveitar o tempo bom para fazer uma limpeza significativa e, assim, conseguirmos evitar danos irrepar\u00e1veis na regi\u00e3o \u2013 destacou Castro.<\/p>\n\n\n\n<p>Para 2025, est\u00e3o previstos R$ 330 milh\u00f5es para o Limpa Rio executar obras essenciais em todo o Estado do Rio de Janeiro. Lan\u00e7ado em 2020, o Limpa Rio \u00e9 um programa voltado para a limpeza e desassoreamento de rios, c\u00f3rregos e lagos. Em 2024, o governo do Estado investiu cerca de R$ 250 milh\u00f5es na iniciativa. A retirada de lixo e detritos durante o per\u00edodo de estiagem melhora as condi\u00e7\u00f5es dos rios, reduzindo a ocorr\u00eancia de alagamentos durante os temporais de ver\u00e3o<\/p>\n\n\n\n<p><strong>Teres\u00f3polis<\/strong><\/p>\n\n\n\n<p>O governador Cl\u00e1udio Castro tamb\u00e9m este em Teres\u00f3polis e anunciou, neste s\u00e1bado (18\/01), em Teres\u00f3polis, que a cidade receber\u00e1 R$ 5 milh\u00f5es da Secretaria de Estado do Ambiente e Sustentabilidade, por meio do Fundo Estadual de Conserva\u00e7\u00e3o Ambiental e Desenvolvimento Urbano (FECAM), para a elabora\u00e7\u00e3o do Projeto Executivo de reestrutura\u00e7\u00e3o do lix\u00e3o Fischer. Os recursos tamb\u00e9m ser\u00e3o utilizados em estudos para obras que visam prevenir inc\u00eandios e deslizamentos na \u00e1rea, al\u00e9m de promover a preserva\u00e7\u00e3o ambiental. Durante o evento, Castro antecipou, tamb\u00e9m, que o governo do estado destinar\u00e1 R$ 18 milh\u00f5es para a \u00e1rea de Sa\u00fade do munic\u00edpio.<\/p>\n\n\n\n<p>\u2013 A gest\u00e3o de res\u00edduos s\u00f3lidos \u00e9, sem d\u00favida alguma, um tema fundamental para o desenvolvimento sustent\u00e1vel dos nossos munic\u00edpios e para a qualidade de vida da popula\u00e7\u00e3o. Come\u00e7ar o ano investindo no projeto de recupera\u00e7\u00e3o da \u00e1rea do lix\u00e3o do Fischer \u00e9 dar mais um passo importante na dire\u00e7\u00e3o da conserva\u00e7\u00e3o ambiental do nosso Estado \u2013 afirmou o governador.<\/p>\n\n\n\n<p>O aterro do Fischer foi fechado e o acesso proibido por ordem judicial, em consequ\u00eancia de um inc\u00eandio ocorrido em junho de 2023. Ap\u00f3s o incidente, a prefeitura de Teres\u00f3polis deu in\u00edcio ao transbordo dos res\u00edduos s\u00f3lidos, com apoio da Secretaria de Estado do Ambiente e Sustentabilidade. Atualmente, o processo \u00e9 realizado em parceria com um aterro sanit\u00e1rio licenciado.<\/p>\n\n\n\n<p>\u2013 Esta \u00e9 uma grande iniciativa do Governo do Estado para a solu\u00e7\u00e3o desta problem\u00e1tica ambiental no munic\u00edpio de Teres\u00f3polis. O trabalho de fiscaliza\u00e7\u00e3o e adequa\u00e7\u00e3o de res\u00edduos s\u00f3lidos junto \u00e0s prefeituras \u00e9 uma prioridade dos \u00f3rg\u00e3os ambientais \u2013 refor\u00e7ou o secret\u00e1rio de Estado do Ambiente e Sustentabilidade, Bernardo Rossi.<\/p>\n\n\n\n<p>Mais investimentos para o Limpa Rio<\/p>\n\n\n\n<p>Durante a visita do poder executivo a Teres\u00f3polis, o governador Cl\u00e1udio Castro anunciou que o munic\u00edpio ir\u00e1 receber o programa Limpa Rio Margens, para tamb\u00e9m atuar em diversas localidades da regi\u00e3o Serrana. Com o investimento de cerca de R$ 88 milh\u00f5es para todo o estado, a iniciativa promove a reestrutura\u00e7\u00e3o e constru\u00e7\u00e3o de espa\u00e7os p\u00fablicos pr\u00f3ximos a rios.<\/p>\n\n\n\n<p>Desde 2021, Teres\u00f3polis recebeu nove frentes do programa Limpa Rio, com a remo\u00e7\u00e3o de 111 mil metros c\u00fabicos de detritos. Atualmente, tr\u00eas frentes de trabalho est\u00e3o em andamento na cidade, sendo uma no Rio Bengalas, no Vale de Bonsucesso; uma no Rio Paquequer, no Centro; e outra nos lagos do C\u00f3rrego Jacarand\u00e1, na regi\u00e3o do Parque Estadual Tr\u00eas Picos.<\/p>\n\n\n\n<p>Foto: divulga\u00e7\u00e3o<\/p>\n","protected":false},"excerpt":{"rendered":"<p>O governador Cl\u00e1udio Castro esteve em Petr\u00f3polis para o lan\u00e7amento da segunda fase das interven\u00e7\u00f5es<\/p>\n","protected":false},"author":2,"featured_media":97620,"comment_status":"open","ping_status":"open","sticky":false,"template":"","format":"standard","meta":{"footnotes":""},"categories":[12],"tags":[],"class_list":["post-97619","post","type-post","status-publish","format-standard","has-post-thumbnail","hentry","category-cidade"],"_links":{"self":[{"href":"https:\/\/tvc16.com\/portal\/wp-json\/wp\/v2\/posts\/97619","targetHints":{"allow":["GET"]}}],"collection":[{"href":"https:\/\/tvc16.com\/portal\/wp-json\/wp\/v2\/posts"}],"about":[{"href":"https:\/\/tvc16.com\/portal\/wp-json\/wp\/v2\/types\/post"}],"author":[{"embeddable":true,"href":"https:\/\/tvc16.com\/portal\/wp-json\/wp\/v2\/users\/2"}],"replies":[{"embeddable":true,"href":"https:\/\/tvc16.com\/portal\/wp-json\/wp\/v2\/comments?post=97619"}],"version-history":[{"count":1,"href":"https:\/\/tvc16.com\/portal\/wp-json\/wp\/v2\/posts\/97619\/revisions"}],"predecessor-version":[{"id":97621,"href":"https:\/\/tvc16.com\/portal\/wp-json\/wp\/v2\/posts\/97619\/revisions\/97621"}],"wp:featuredmedia":[{"embeddable":true,"href":"https:\/\/tvc16.com\/portal\/wp-json\/wp\/v2\/media\/97620"}],"wp:attachment":[{"href":"https:\/\/tvc16.com\/portal\/wp-json\/wp\/v2\/media?parent=97619"}],"wp:term":[{"taxonomy":"category","embeddable":true,"href":"https:\/\/tvc16.com\/portal\/wp-json\/wp\/v2\/categories?post=97619"},{"taxonomy":"post_tag","embeddable":true,"href":"https:\/\/tvc16.com\/portal\/wp-json\/wp\/v2\/tags?post=97619"}],"curies":[{"name":"wp","href":"https:\/\/api.w.org\/{rel}","templated":true}]}}