{"id":97625,"date":"2025-01-21T05:02:00","date_gmt":"2025-01-21T08:02:00","guid":{"rendered":"https:\/\/tvc16.com\/portal\/?p=97625"},"modified":"2025-01-20T15:04:29","modified_gmt":"2025-01-20T18:04:29","slug":"ipg-participa-da-6a-conferencia-municipal-do-meio-ambiente-de-petropolis","status":"publish","type":"post","link":"https:\/\/tvc16.com\/portal\/2025\/01\/21\/ipg-participa-da-6a-conferencia-municipal-do-meio-ambiente-de-petropolis\/","title":{"rendered":"IPG participa da 6\u00aa Confer\u00eancia Municipal do Meio Ambiente de Petr\u00f3polis"},"content":{"rendered":"\n<p>Neste s\u00e1bado (18\/01), na Casa dos Conselhos, Cleveland Jones, Presidente do Instituto Philippe Gu\u00e9don, e Ramiro Farjalla, Vice-Presidente, participaram da 6\u00aa Confer\u00eancia Municipal do Meio Ambiente de Petr\u00f3polis. O tema central da Confer\u00eancia foi \u201cEmerg\u00eancia Clim\u00e1tica: o desafio da transforma\u00e7\u00e3o ecol\u00f3gica\u201d. Cleveland gostou da apresenta\u00e7\u00e3o inicial em rela\u00e7\u00e3o a riscos e resili\u00eancia e do destaque dado \u00e0s quest\u00f5es relacionadas \u00e0 Defesa Civil, mas considerou que \u201co tema da Confer\u00eancia, indicado pelo governo federal, n\u00e3o apontou algumas das quest\u00f5es mais importantes para Petr\u00f3polis, como discuss\u00f5es sobre o c\u00f3digo florestal, preserva\u00e7\u00e3o e recupera\u00e7\u00e3o da vegeta\u00e7\u00e3o urbana (urban greening), jardins de chuva, saneamento e res\u00edduos s\u00f3lidos, polui\u00e7\u00e3o de diversos tipos, inclusive sonora e luminosa, e muitas quest\u00f5es transversais, como o c\u00f3digo de posturas define, mas amplamente desrespeitadas\u201d.<\/p>\n\n\n\n<p>J\u00e1 Ramiro destacou que nesta Confer\u00eancia \u201cfoi dada mais \u00eanfase \u00e0 educa\u00e7\u00e3o ambiental, al\u00e9m de ter sido uma oportunidade de levar a tem\u00e1tica ambiental, diante da crise clim\u00e1tica, a todos os setores da vida em sociedade, visto que estreita \u00e0 agenda econ\u00f4mica, acad\u00eamica, cultural, mercadol\u00f3gica e social\u201d. Para Ramiro o ponto alto do evento \u201cfoi a import\u00e2ncia e a necessidade da participa\u00e7\u00e3o da sociedade civil e o quanto \u00e9 desafiador a implementa\u00e7\u00e3o da Educa\u00e7\u00e3o Ambiental\u201d, pois acredita que \u00e9 preciso \u201cuma educa\u00e7\u00e3o para cidadania que amplie o exerc\u00edcio do direito de votar e ser votado para a participa\u00e7\u00e3o nos conselhos municipais e eventos, como esta confer\u00eancia, para dar voz ao cidad\u00e3o\u201d.<\/p>\n\n\n\n<p>Foto: divulga\u00e7\u00e3o <\/p>\n","protected":false},"excerpt":{"rendered":"<p>Neste s\u00e1bado (18\/01), na Casa dos Conselhos, Cleveland Jones, Presidente do Instituto Philippe Gu\u00e9don, e<\/p>\n","protected":false},"author":2,"featured_media":97626,"comment_status":"open","ping_status":"open","sticky":false,"template":"","format":"standard","meta":{"footnotes":""},"categories":[12],"tags":[],"class_list":["post-97625","post","type-post","status-publish","format-standard","has-post-thumbnail","hentry","category-cidade"],"_links":{"self":[{"href":"https:\/\/tvc16.com\/portal\/wp-json\/wp\/v2\/posts\/97625","targetHints":{"allow":["GET"]}}],"collection":[{"href":"https:\/\/tvc16.com\/portal\/wp-json\/wp\/v2\/posts"}],"about":[{"href":"https:\/\/tvc16.com\/portal\/wp-json\/wp\/v2\/types\/post"}],"author":[{"embeddable":true,"href":"https:\/\/tvc16.com\/portal\/wp-json\/wp\/v2\/users\/2"}],"replies":[{"embeddable":true,"href":"https:\/\/tvc16.com\/portal\/wp-json\/wp\/v2\/comments?post=97625"}],"version-history":[{"count":1,"href":"https:\/\/tvc16.com\/portal\/wp-json\/wp\/v2\/posts\/97625\/revisions"}],"predecessor-version":[{"id":97627,"href":"https:\/\/tvc16.com\/portal\/wp-json\/wp\/v2\/posts\/97625\/revisions\/97627"}],"wp:featuredmedia":[{"embeddable":true,"href":"https:\/\/tvc16.com\/portal\/wp-json\/wp\/v2\/media\/97626"}],"wp:attachment":[{"href":"https:\/\/tvc16.com\/portal\/wp-json\/wp\/v2\/media?parent=97625"}],"wp:term":[{"taxonomy":"category","embeddable":true,"href":"https:\/\/tvc16.com\/portal\/wp-json\/wp\/v2\/categories?post=97625"},{"taxonomy":"post_tag","embeddable":true,"href":"https:\/\/tvc16.com\/portal\/wp-json\/wp\/v2\/tags?post=97625"}],"curies":[{"name":"wp","href":"https:\/\/api.w.org\/{rel}","templated":true}]}}