{"id":97631,"date":"2025-01-21T05:00:00","date_gmt":"2025-01-21T08:00:00","guid":{"rendered":"https:\/\/tvc16.com\/portal\/?p=97631"},"modified":"2025-01-20T16:43:42","modified_gmt":"2025-01-20T19:43:42","slug":"prefeitura-de-teresopolis-avanca-na-manutencao-de-ruas-e-pracas-publicas","status":"publish","type":"post","link":"https:\/\/tvc16.com\/portal\/2025\/01\/21\/prefeitura-de-teresopolis-avanca-na-manutencao-de-ruas-e-pracas-publicas\/","title":{"rendered":"Prefeitura de Teres\u00f3polis avan\u00e7a na manuten\u00e7\u00e3o de ruas e pra\u00e7as p\u00fablicas"},"content":{"rendered":"\n<p>As equipes da Secretaria de Obras e Servi\u00e7os P\u00fablicos tem atuado em diferentes frentes de trabalho, a fim de colocar em dia as a\u00e7\u00f5es de manuten\u00e7\u00e3o e de zeladoria nos bairros. No Bom Retiro, o entorno da UPA 24 Horas teve aten\u00e7\u00e3o especial, com ro\u00e7ada,\u00a0 varri\u00e7\u00e3o e limpeza geral, a\u00e7\u00f5es necess\u00e1rias para o acesso e circula\u00e7\u00e3o seguros dos usu\u00e1rios e dos profissionais que trabalham na Unidade.<\/p>\n\n\n\n<p>Um dos espa\u00e7os p\u00fablicos que recebeu os&nbsp;cuidados da turma de conserva\u00e7\u00e3o foi a&nbsp;Pra\u00e7a Nilo Pe\u00e7anha \u2013 a da Escola Ginda Bloch, no&nbsp;bairro do Alto, com&nbsp;capina e recolhimento de lixo, entre outras a\u00e7\u00f5es.<\/p>\n\n\n\n<p>Na Rua Tiet\u00ea, em Araras, foi realizada opera\u00e7\u00e3o tapa-buracos, trabalho que tem avan\u00e7ado gradativamente pelas vias p\u00fablicas da cidade.<\/p>\n\n\n\n<p>Para melhorar o escoamento das \u00e1guas em dias de chuva forte&nbsp;foi feita a desobstru\u00e7\u00e3o de galerias pluviais nas ruas Goitacazes, no Jardim Meudon; Jo\u00e3o Bobif\u00e1cio, na Tijuca; e Nossa Senhora das Gra\u00e7as, no Espanhol; e executado acerto de cal\u00e7ada, com limpeza e coloca\u00e7\u00e3o de ralo em trecho na Avenida Feliciano Sodr\u00e9, na V\u00e1rzea.<\/p>\n\n\n\n<p>\u201cEsses s\u00e3o alguns dos servi\u00e7os que realizamos todos os dias com nossas turmas diurnas e noturnas, no maior n\u00famero poss\u00edvel de bairros, para manter a cidade limpa e organizada\u201d, conclui&nbsp;Edmar Ramos,&nbsp;secret\u00e1rio de Obras e Servi\u00e7os P\u00fablicos.<\/p>\n\n\n\n<p><em><strong>Fotos: cr\u00e9dito Jorge Maravilha e Divulga\u00e7\u00e3o.<\/strong><\/em><\/p>\n","protected":false},"excerpt":{"rendered":"<p>As equipes da Secretaria de Obras e Servi\u00e7os P\u00fablicos tem atuado em diferentes frentes de<\/p>\n","protected":false},"author":2,"featured_media":97632,"comment_status":"open","ping_status":"open","sticky":false,"template":"","format":"standard","meta":{"footnotes":""},"categories":[17],"tags":[],"class_list":["post-97631","post","type-post","status-publish","format-standard","has-post-thumbnail","hentry","category-outras-noticias"],"_links":{"self":[{"href":"https:\/\/tvc16.com\/portal\/wp-json\/wp\/v2\/posts\/97631","targetHints":{"allow":["GET"]}}],"collection":[{"href":"https:\/\/tvc16.com\/portal\/wp-json\/wp\/v2\/posts"}],"about":[{"href":"https:\/\/tvc16.com\/portal\/wp-json\/wp\/v2\/types\/post"}],"author":[{"embeddable":true,"href":"https:\/\/tvc16.com\/portal\/wp-json\/wp\/v2\/users\/2"}],"replies":[{"embeddable":true,"href":"https:\/\/tvc16.com\/portal\/wp-json\/wp\/v2\/comments?post=97631"}],"version-history":[{"count":1,"href":"https:\/\/tvc16.com\/portal\/wp-json\/wp\/v2\/posts\/97631\/revisions"}],"predecessor-version":[{"id":97633,"href":"https:\/\/tvc16.com\/portal\/wp-json\/wp\/v2\/posts\/97631\/revisions\/97633"}],"wp:featuredmedia":[{"embeddable":true,"href":"https:\/\/tvc16.com\/portal\/wp-json\/wp\/v2\/media\/97632"}],"wp:attachment":[{"href":"https:\/\/tvc16.com\/portal\/wp-json\/wp\/v2\/media?parent=97631"}],"wp:term":[{"taxonomy":"category","embeddable":true,"href":"https:\/\/tvc16.com\/portal\/wp-json\/wp\/v2\/categories?post=97631"},{"taxonomy":"post_tag","embeddable":true,"href":"https:\/\/tvc16.com\/portal\/wp-json\/wp\/v2\/tags?post=97631"}],"curies":[{"name":"wp","href":"https:\/\/api.w.org\/{rel}","templated":true}]}}