{"id":9765,"date":"2021-01-20T05:58:42","date_gmt":"2021-01-20T08:58:42","guid":{"rendered":"https:\/\/tvc16.com\/portal\/?p=9765"},"modified":"2021-01-20T05:58:44","modified_gmt":"2021-01-20T08:58:44","slug":"nova-iguacu-comeca-vacinacao-contra-covid-19-nesta-quarta-feira","status":"publish","type":"post","link":"https:\/\/tvc16.com\/portal\/2021\/01\/20\/nova-iguacu-comeca-vacinacao-contra-covid-19-nesta-quarta-feira\/","title":{"rendered":"Nova Igua\u00e7u come\u00e7a vacina\u00e7\u00e3o contra Covid-19 nesta quarta-feira"},"content":{"rendered":"\n<p>A Prefeitura de Nova Igua\u00e7u come\u00e7a, nesta quarta-feira (20), a vacina\u00e7\u00e3o contra a Covid-19. \u00c0s 8h, o Hospital Geral de Nova Igua\u00e7u inicia a imuniza\u00e7\u00e3o de seus profissionais de sa\u00fade que atuam na linha de frente do combate ao novo coronav\u00edrus, em CTI e emerg\u00eancia. Tamb\u00e9m ser\u00e3o vacinados idosos residentes em institui\u00e7\u00f5es de longa perman\u00eancia e maiores de 18 anos portadores de defici\u00eancia atendidos em Resid\u00eancias Inclusivas.<\/p>\n\n\n\n<p>O Secret\u00e1rio Municipal de Sa\u00fade de Nova Igua\u00e7u, Manoel Barreto, recebeu as 7.465 das 14.930 doses da vacina CoronaVac do Governo do Estado, que chegaram por volta das 16h. A estrutura da rede de sa\u00fade municipal est\u00e1 preparada para realizar a imuniza\u00e7\u00e3o e vai seguir os grupos priorit\u00e1rios do Plano Nacional de Imuniza\u00e7\u00e3o do Minist\u00e9rio da Sa\u00fade.<\/p>\n\n\n\n<p>Grupos priorit\u00e1rios para vacina\u00e7\u00e3o na primeira fase: trabalhadores da sa\u00fade que atuam na linha de frente do combate ao coronav\u00edrus, idosos a partir dos 75 anos, pessoas com 60 anos ou mais que vivem em institui\u00e7\u00f5es de longa perman\u00eancia e maiores de 18 anos portadores de defici\u00eancia atendidos em Resid\u00eancias Inclusivas.<\/p>\n\n\n\n<p>A primeira pessoa a ser vacinada em Nova Igua\u00e7u ser\u00e1 a t\u00e9cnica de enfermagem Angela Maria Mesquita Magalh\u00e3es, &nbsp;de 55 anos, que h\u00e1 24 trabalha no Hospital Geral de Nova Igua\u00e7u (HGNI). Com passagem por quase todos os setores da emerg\u00eancia da unidade, Angela est\u00e1 atuando exclusivamente na linha de frente do combate ao coronav\u00edrus desde o in\u00edcio da pandemia.<\/p>\n\n\n\n<p>&#8220;Fazer parte do primeiro grupo que vai receber a vacina significa muito para quem trabalha diretamente no combate \u00e0 Covid-19, pois nos dedicamos intensamente para vencer essa pandemia&#8221;, afirma Angela, que vibrou ao receber a not\u00edcia de que seria a primeira pessoa a ser vacinada na cidade.<\/p>\n","protected":false},"excerpt":{"rendered":"<p>A Prefeitura de Nova Igua\u00e7u come\u00e7a, nesta quarta-feira (20), a vacina\u00e7\u00e3o contra a Covid-19. \u00c0s<\/p>\n","protected":false},"author":2,"featured_media":9766,"comment_status":"open","ping_status":"open","sticky":false,"template":"","format":"standard","meta":{"footnotes":""},"categories":[17],"tags":[],"class_list":["post-9765","post","type-post","status-publish","format-standard","has-post-thumbnail","hentry","category-outras-noticias"],"_links":{"self":[{"href":"https:\/\/tvc16.com\/portal\/wp-json\/wp\/v2\/posts\/9765","targetHints":{"allow":["GET"]}}],"collection":[{"href":"https:\/\/tvc16.com\/portal\/wp-json\/wp\/v2\/posts"}],"about":[{"href":"https:\/\/tvc16.com\/portal\/wp-json\/wp\/v2\/types\/post"}],"author":[{"embeddable":true,"href":"https:\/\/tvc16.com\/portal\/wp-json\/wp\/v2\/users\/2"}],"replies":[{"embeddable":true,"href":"https:\/\/tvc16.com\/portal\/wp-json\/wp\/v2\/comments?post=9765"}],"version-history":[{"count":1,"href":"https:\/\/tvc16.com\/portal\/wp-json\/wp\/v2\/posts\/9765\/revisions"}],"predecessor-version":[{"id":9767,"href":"https:\/\/tvc16.com\/portal\/wp-json\/wp\/v2\/posts\/9765\/revisions\/9767"}],"wp:featuredmedia":[{"embeddable":true,"href":"https:\/\/tvc16.com\/portal\/wp-json\/wp\/v2\/media\/9766"}],"wp:attachment":[{"href":"https:\/\/tvc16.com\/portal\/wp-json\/wp\/v2\/media?parent=9765"}],"wp:term":[{"taxonomy":"category","embeddable":true,"href":"https:\/\/tvc16.com\/portal\/wp-json\/wp\/v2\/categories?post=9765"},{"taxonomy":"post_tag","embeddable":true,"href":"https:\/\/tvc16.com\/portal\/wp-json\/wp\/v2\/tags?post=9765"}],"curies":[{"name":"wp","href":"https:\/\/api.w.org\/{rel}","templated":true}]}}