{"id":97653,"date":"2025-01-21T08:32:17","date_gmt":"2025-01-21T11:32:17","guid":{"rendered":"https:\/\/tvc16.com\/portal\/?p=97653"},"modified":"2025-01-21T08:32:19","modified_gmt":"2025-01-21T11:32:19","slug":"dolar-cai-para-r-604-em-dia-de-posse-de-trump","status":"publish","type":"post","link":"https:\/\/tvc16.com\/portal\/2025\/01\/21\/dolar-cai-para-r-604-em-dia-de-posse-de-trump\/","title":{"rendered":"D\u00f3lar cai para R$ 6,04 em dia de posse de Trump"},"content":{"rendered":"\n<p><em>Bolsa sobe 0,41% e aproxima-se dos 123 mil pontos<\/em><\/p>\n\n\n\n<p>Por Wellton M\u00e1ximo &#8211; Rep\u00f3rter da Ag\u00eancia Brasil \/ Foto: Valter Campanato\/Ag\u00eancia Brasil<\/p>\n\n\n\n<p><\/p>\n\n\n\n<p>No dia da posse do presidente norte-americano, Donald Trump, o d\u00f3lar fechou em queda ap\u00f3s abrir em alta. A bolsa de valores iniciou o dia em baixa, mas subiu e aproximou-se dos 123 mil pontos.<img decoding=\"async\" src=\"https:\/\/agenciabrasil.ebc.com.br\/ebc.png?id=1627336&amp;o=node\"><img decoding=\"async\" src=\"https:\/\/agenciabrasil.ebc.com.br\/ebc.gif?id=1627336&amp;o=node\"><\/p>\n\n\n\n<p>O d\u00f3lar comercial encerrou esta segunda-feira (20) vendido a R$ 6,041, com queda de R$ 0,024 (-0,4%). A cota\u00e7\u00e3o iniciou o dia em alta, chegando a R$ 6,09 pouco antes das 10h, mas inverteu o movimento ap\u00f3s a abertura do mercado norte-americano.<\/p>\n\n\n\n<p>Essa foi a primeira queda ap\u00f3s duas altas consecutivas. Em janeiro, a moeda dos Estados Unidos cai 2,25%.<\/p>\n\n\n\n<p>O mercado de a\u00e7\u00f5es teve um dia de oscila\u00e7\u00f5es. O \u00edndice Ibovespa, da B3, fechou aos 122.855 pontos, com alta de 0,41%. O indicador subiu pela segunda sess\u00e3o seguida, impulsionado por a\u00e7\u00f5es de petroleiras e de bancos.<\/p>\n\n\n\n<p>O d\u00f3lar recuou em todo o planeta, sem surpresas no&nbsp;<a href=\"https:\/\/agenciabrasil.ebc.com.br\/internacional\/noticia\/2025-01\/trump-reitera-combate-a-imigracao-ilegal-e-fala-em-era-de-ouro\" target=\"_blank\" rel=\"noreferrer noopener\">discurso de posse de Trump<\/a>. A falta de detalhamento nas men\u00e7\u00f5es de eleva\u00e7\u00e3o de tarifas comerciais por parte do novo governo norte-americano beneficiou os pa\u00edses emergentes nesta segunda-feira.<\/p>\n\n\n\n<p>No Brasil, a venda de US$ 2 bilh\u00f5es das reservas internacionais pelo Banco Central (BC) com compromisso de recompra tamb\u00e9m contribuiu para a queda da moeda norte-americana. Essa foi a&nbsp;<a href=\"https:\/\/agenciabrasil.ebc.com.br\/economia\/noticia\/2025-01\/banco-central-anuncia-primeira-intervencao-no-cambio-em-2025\" target=\"_blank\" rel=\"noreferrer noopener\">primeira interven\u00e7\u00e3o do BC no c\u00e2mbio<\/a>&nbsp;desde a posse do presidente do \u00f3rg\u00e3o, Gabriel Gal\u00edpolo.<\/p>\n\n\n\n<p>Para esta ter\u00e7a-feira (21), o BC n\u00e3o anunciou interven\u00e7\u00e3o no c\u00e2mbio. Em dezembro, a autoridade monet\u00e1ria tinha vendido US$ 32,59 bilh\u00f5es, em meio a uma forte desvaloriza\u00e7\u00e3o do real.<br><\/p>\n","protected":false},"excerpt":{"rendered":"<p>Bolsa sobe 0,41% e aproxima-se dos 123 mil pontos Por Wellton M\u00e1ximo &#8211; Rep\u00f3rter da<\/p>\n","protected":false},"author":2,"featured_media":97654,"comment_status":"open","ping_status":"open","sticky":false,"template":"","format":"standard","meta":{"footnotes":""},"categories":[17],"tags":[],"class_list":["post-97653","post","type-post","status-publish","format-standard","has-post-thumbnail","hentry","category-outras-noticias"],"_links":{"self":[{"href":"https:\/\/tvc16.com\/portal\/wp-json\/wp\/v2\/posts\/97653","targetHints":{"allow":["GET"]}}],"collection":[{"href":"https:\/\/tvc16.com\/portal\/wp-json\/wp\/v2\/posts"}],"about":[{"href":"https:\/\/tvc16.com\/portal\/wp-json\/wp\/v2\/types\/post"}],"author":[{"embeddable":true,"href":"https:\/\/tvc16.com\/portal\/wp-json\/wp\/v2\/users\/2"}],"replies":[{"embeddable":true,"href":"https:\/\/tvc16.com\/portal\/wp-json\/wp\/v2\/comments?post=97653"}],"version-history":[{"count":1,"href":"https:\/\/tvc16.com\/portal\/wp-json\/wp\/v2\/posts\/97653\/revisions"}],"predecessor-version":[{"id":97655,"href":"https:\/\/tvc16.com\/portal\/wp-json\/wp\/v2\/posts\/97653\/revisions\/97655"}],"wp:featuredmedia":[{"embeddable":true,"href":"https:\/\/tvc16.com\/portal\/wp-json\/wp\/v2\/media\/97654"}],"wp:attachment":[{"href":"https:\/\/tvc16.com\/portal\/wp-json\/wp\/v2\/media?parent=97653"}],"wp:term":[{"taxonomy":"category","embeddable":true,"href":"https:\/\/tvc16.com\/portal\/wp-json\/wp\/v2\/categories?post=97653"},{"taxonomy":"post_tag","embeddable":true,"href":"https:\/\/tvc16.com\/portal\/wp-json\/wp\/v2\/tags?post=97653"}],"curies":[{"name":"wp","href":"https:\/\/api.w.org\/{rel}","templated":true}]}}