{"id":97672,"date":"2025-01-21T09:33:12","date_gmt":"2025-01-21T12:33:12","guid":{"rendered":"https:\/\/tvc16.com\/portal\/?p=97672"},"modified":"2025-01-21T09:33:13","modified_gmt":"2025-01-21T12:33:13","slug":"programacao-e-criatividade-oficina-gratuita-explora-ia-e-futuro-em-itaipava","status":"publish","type":"post","link":"https:\/\/tvc16.com\/portal\/2025\/01\/21\/programacao-e-criatividade-oficina-gratuita-explora-ia-e-futuro-em-itaipava\/","title":{"rendered":"Programa\u00e7\u00e3o e criatividade: oficina gratuita explora IA e futuro em Itaipava"},"content":{"rendered":"\n<p>A divers\u00e3o e a criatividade ganham um toque de tecnologia neste s\u00e1bado (25), na oficina &#8216;Graph-it Play Lab \u2013 Explorando a Intelig\u00eancia Artificial e o Futuro&#8217;, que acontece no Shopping Vilarejo, em Itaipava. Gratuita e voltada para crian\u00e7as de 6 a 12 anos, a atividade acontece na Pra\u00e7a da Lua, das 14h \u00e0s 15h, oportunidade para os pequenos mergulharem no universo da tecnologia de forma l\u00fadica e envolvente.<\/p>\n\n\n\n<p>A programa\u00e7\u00e3o inclui duas atividades principais. Primeiro, na din\u00e2mica &#8220;Brincando de Programador&#8221;, as crian\u00e7as utilizar\u00e3o kits de programa\u00e7\u00e3o baseados em blocos, como o Scratch, para criar anima\u00e7\u00f5es ou jogos simples, aprendendo a combinar comandos para programar movimentos e a\u00e7\u00f5es. Em seguida, na atividade &#8220;Criando e desenhando com IA&#8221;, os participantes far\u00e3o desenhos criativos no papel que ser\u00e3o replicados pela intelig\u00eancia artificial, proporcionando uma experi\u00eancia inovadora e interativa. A oficina ser\u00e1 conduzida por Douglas Bahiense e sua equipe, especialistas do Graph-it, e contar\u00e1 com todo o material necess\u00e1rio, incluindo computadores, wi-fi e proje\u00e7\u00f5es audiovisuais.<\/p>\n\n\n\n<p>As oficinas s\u00e3o gratuitas, possuem vagas limitadas e as inscri\u00e7\u00f5es s\u00e3o realizadas por ordem de chegada. Para Tiago Corr\u00eaa, administrador do Shopping Vilarejo, as oficinas destacam a import\u00e2ncia de promover experi\u00eancias que unem aprendizado e divers\u00e3o. \u201cEssas oficinas s\u00e3o um exemplo de como podemos inspirar as novas gera\u00e7\u00f5es, oferecendo ferramentas para desenvolver a criatividade e o interesse pela tecnologia. Nosso objetivo \u00e9 continuar sendo um espa\u00e7o onde educa\u00e7\u00e3o e entretenimento caminham juntos, criando mem\u00f3rias positivas para toda a fam\u00edlia\u201d, afirmou.<\/p>\n\n\n\n<p><strong>F\u00e9rias no Vila: divers\u00e3o e aprendizado para toda a fam\u00edlia<\/strong><\/p>\n\n\n\n<p>E a programa\u00e7\u00e3o de janeiro no Vilarejo n\u00e3o para por a\u00ed. As atividades do &#8220;F\u00e9rias no Vila&#8221; transformam Itaipava no destino ideal para quem busca lazer e criatividade. Al\u00e9m das oficinas do Graph-it Lab, o Shopping Vilarejo conta com atividades que incluem as camas-el\u00e1sticas da Pokolooko instaladas na Pra\u00e7a do Sol, que garantem divers\u00e3o para todas as idades at\u00e9 o m\u00eas de fevereiro, e a exposi\u00e7\u00e3o fotogr\u00e1fica&nbsp; gratuita &#8220;A Fotografia nas Asas de uma Paix\u00e3o&#8221;, de Odette Araujo, aberta ao p\u00fablico at\u00e9 2 de fevereiro.<\/p>\n\n\n\n<p><strong>Servi\u00e7o: \u201cGraph-it Play Lab\u201d<\/strong><\/p>\n\n\n\n<p><br><strong>Oficina: Programa\u00e7\u00e3o e Intelig\u00eancia Artificial<\/strong><br><img decoding=\"async\" alt=\"\ud83d\uddd3\" src=\"https:\/\/fonts.gstatic.com\/s\/e\/notoemoji\/16.0\/1f5d3\/32.png\">\ufe0f&nbsp;<strong>Data:<\/strong>&nbsp;25 de janeiro<br><img decoding=\"async\" alt=\"\ud83d\udd52\" src=\"https:\/\/fonts.gstatic.com\/s\/e\/notoemoji\/16.0\/1f552\/32.png\">&nbsp;<strong>Hor\u00e1rio:<\/strong>&nbsp;14h \u00e0s 15h<\/p>\n\n\n\n<p><img decoding=\"async\" alt=\"\ud83d\udccd\" src=\"https:\/\/fonts.gstatic.com\/s\/e\/notoemoji\/16.0\/1f4cd\/32.png\">&nbsp;<strong>Local:<\/strong>&nbsp;Pra\u00e7a da Lua, Shopping Vilarejo \u2013 Estrada Uni\u00e3o e Ind\u00fastria, 10.035, Itaipava<br><img decoding=\"async\" alt=\"\ud83c\udf9f\" src=\"https:\/\/fonts.gstatic.com\/s\/e\/notoemoji\/16.0\/1f39f\/32.png\">\ufe0f&nbsp;<strong>Gratuito<\/strong>&nbsp;(Vagas limitadas, inscri\u00e7\u00f5es no local)<\/p>\n\n\n\n<p><img decoding=\"async\" alt=\"\ud83d\udd52\" src=\"https:\/\/fonts.gstatic.com\/s\/e\/notoemoji\/16.0\/1f552\/32.png\">&nbsp;<strong>Funcionamento do shopping:<\/strong><\/p>\n\n\n\n<p>\u25cf&nbsp;&nbsp;&nbsp;&nbsp;&nbsp;&nbsp;&nbsp;&nbsp;Ter\u00e7a-feira: 14h \u00e0s 19h<\/p>\n\n\n\n<p>\u25cf&nbsp;&nbsp;&nbsp;&nbsp;&nbsp;&nbsp;&nbsp;&nbsp;Quarta a sexta-feira: 10h \u00e0s 19h<\/p>\n\n\n\n<p>\u25cf&nbsp;&nbsp;&nbsp;&nbsp;&nbsp;&nbsp;&nbsp;&nbsp;S\u00e1bado: 10h \u00e0s 20h<\/p>\n\n\n\n<p>\u25cf&nbsp;&nbsp;&nbsp;&nbsp;&nbsp;&nbsp;&nbsp;&nbsp;Domingo: 10h \u00e0s 18h<\/p>\n\n\n\n<p><img decoding=\"async\" alt=\"\ud83d\udccd\" src=\"https:\/\/fonts.gstatic.com\/s\/e\/notoemoji\/16.0\/1f4cd\/32.png\">&nbsp;<strong>Endere\u00e7o:<\/strong>&nbsp;Shopping Vilarejo \u2013 Estrada Uni\u00e3o e Ind\u00fastria, 10.035, Itaipava<\/p>\n\n\n\n<p><img decoding=\"async\" alt=\"\ud83d\udcf2\" src=\"https:\/\/fonts.gstatic.com\/s\/e\/notoemoji\/16.0\/1f4f2\/32.png\">&nbsp;<strong>Mais informa\u00e7\u00f5es:<\/strong>&nbsp;@shoppingvilarejo no Instagram<\/p>\n","protected":false},"excerpt":{"rendered":"<p>A divers\u00e3o e a criatividade ganham um toque de tecnologia neste s\u00e1bado (25), na oficina<\/p>\n","protected":false},"author":2,"featured_media":97673,"comment_status":"open","ping_status":"open","sticky":false,"template":"","format":"standard","meta":{"footnotes":""},"categories":[12],"tags":[],"class_list":["post-97672","post","type-post","status-publish","format-standard","has-post-thumbnail","hentry","category-cidade"],"_links":{"self":[{"href":"https:\/\/tvc16.com\/portal\/wp-json\/wp\/v2\/posts\/97672","targetHints":{"allow":["GET"]}}],"collection":[{"href":"https:\/\/tvc16.com\/portal\/wp-json\/wp\/v2\/posts"}],"about":[{"href":"https:\/\/tvc16.com\/portal\/wp-json\/wp\/v2\/types\/post"}],"author":[{"embeddable":true,"href":"https:\/\/tvc16.com\/portal\/wp-json\/wp\/v2\/users\/2"}],"replies":[{"embeddable":true,"href":"https:\/\/tvc16.com\/portal\/wp-json\/wp\/v2\/comments?post=97672"}],"version-history":[{"count":1,"href":"https:\/\/tvc16.com\/portal\/wp-json\/wp\/v2\/posts\/97672\/revisions"}],"predecessor-version":[{"id":97674,"href":"https:\/\/tvc16.com\/portal\/wp-json\/wp\/v2\/posts\/97672\/revisions\/97674"}],"wp:featuredmedia":[{"embeddable":true,"href":"https:\/\/tvc16.com\/portal\/wp-json\/wp\/v2\/media\/97673"}],"wp:attachment":[{"href":"https:\/\/tvc16.com\/portal\/wp-json\/wp\/v2\/media?parent=97672"}],"wp:term":[{"taxonomy":"category","embeddable":true,"href":"https:\/\/tvc16.com\/portal\/wp-json\/wp\/v2\/categories?post=97672"},{"taxonomy":"post_tag","embeddable":true,"href":"https:\/\/tvc16.com\/portal\/wp-json\/wp\/v2\/tags?post=97672"}],"curies":[{"name":"wp","href":"https:\/\/api.w.org\/{rel}","templated":true}]}}