{"id":97682,"date":"2025-01-21T12:39:39","date_gmt":"2025-01-21T15:39:39","guid":{"rendered":"https:\/\/tvc16.com\/portal\/?p=97682"},"modified":"2025-01-21T12:39:41","modified_gmt":"2025-01-21T15:39:41","slug":"forcas-de-seguranca-realizam-operacao-com-apreensao-de-menores-e-prisao-de-um-adulto-com-drogas-na-rua-dom-pedro","status":"publish","type":"post","link":"https:\/\/tvc16.com\/portal\/2025\/01\/21\/forcas-de-seguranca-realizam-operacao-com-apreensao-de-menores-e-prisao-de-um-adulto-com-drogas-na-rua-dom-pedro\/","title":{"rendered":"For\u00e7as de seguran\u00e7a realizam opera\u00e7\u00e3o com apreens\u00e3o de menores e pris\u00e3o de um adulto com drogas, na Rua Dom Pedro"},"content":{"rendered":"\n<p><em>A\u00e7\u00e3o foi motivada por uma den\u00fancia an\u00f4nima, que refor\u00e7a o combate ao uso e tr\u00e1fico de entorpecentes<\/em><\/p>\n\n\n\n<p>Na tarde desta segunda-feira (20), a Secretaria de Servi\u00e7os, Seguran\u00e7a e Ordem P\u00fablica (SSOP), por interm\u00e9dio da Guarda Civil, realizou uma opera\u00e7\u00e3o na Rua Dom Pedro, mais precisamente na Pra\u00e7a Volnei Aguiar, ap\u00f3s receber uma den\u00fancia an\u00f4nima. Com o apoio do destacamento de c\u00e3es da corpora\u00e7\u00e3o, uma equipe localizou seis menores e um adulto em posse de entorpecentes. O Conselho Tutelar acompanhou a ocorr\u00eancia, garantindo o cumprimento dos procedimentos necess\u00e1rios em rela\u00e7\u00e3o aos menores.<\/p>\n\n\n\n<p>O prefeito Hingo Hammes destacou a import\u00e2ncia do fortalecimento das opera\u00e7\u00f5es como uma prioridade do governo.<\/p>\n\n\n\n<p>\u201cEstamos investindo na estrutura e na integra\u00e7\u00e3o das nossas for\u00e7as de seguran\u00e7a para intensificar a\u00e7\u00f5es como esta, que t\u00eam um impacto direto na prote\u00e7\u00e3o da nossa popula\u00e7\u00e3o. Fortalecer a seguran\u00e7a p\u00fablica \u00e9 um compromisso que estamos cumprindo com seriedade, devolvendo aos petropolitanos a tranquilidade que merecem\u201d, afirmou o prefeito.<\/p>\n\n\n\n<p>O secret\u00e1rio de Servi\u00e7os, Seguran\u00e7a e Ordem P\u00fablica (SSOP), Marcelo Chit\u00e3o, ressaltou que o governo est\u00e1 promovendo a retomada da ordem p\u00fablica na cidade.<\/p>\n\n\n\n<p>\u201cEssa opera\u00e7\u00e3o \u00e9 mais uma prova de que estamos trabalhando para reconstruir a ordem p\u00fablica em Petr\u00f3polis, que por muito tempo foi negligenciada. O governo est\u00e1 presente e atuante, combatendo o uso de drogas e criando um ambiente mais seguro para as fam\u00edlias. Vamos continuar avan\u00e7ando para trazer mais seguran\u00e7a e qualidade de vida para todos os moradores\u201d.<\/p>\n\n\n\n<p>A popula\u00e7\u00e3o de Petr\u00f3polis pode colaborar com a seguran\u00e7a p\u00fablica realizando den\u00fancias an\u00f4nimas pelo telefone 153, o canal de emerg\u00eancia da Guarda Civil. Al\u00e9m disso, \u00e9 poss\u00edvel utilizar o aplicativo \u201c153 Cidad\u00e3o\u201d, dispon\u00edvel para download na App Store e no Google Play.<\/p>\n\n\n\n<p>Pelo aplicativo, \u00e9 poss\u00edvel registrar ocorr\u00eancias, fazer den\u00fancias, enviar a localiza\u00e7\u00e3o em tempo real, se comunicar diretamente com a GC por meio de chat, al\u00e9m de acessar recursos como o Bot\u00e3o SOS, voltado para pessoas em situa\u00e7\u00e3o de risco, e o Bot\u00e3o Maria da Penha, direcionado a mulheres que enfrentam viol\u00eancia dom\u00e9stica.<\/p>\n\n\n\n<p>Foto: divulga\u00e7\u00e3o<\/p>\n","protected":false},"excerpt":{"rendered":"<p>A\u00e7\u00e3o foi motivada por uma den\u00fancia an\u00f4nima, que refor\u00e7a o combate ao uso e tr\u00e1fico<\/p>\n","protected":false},"author":2,"featured_media":97683,"comment_status":"open","ping_status":"open","sticky":false,"template":"","format":"standard","meta":{"footnotes":""},"categories":[12],"tags":[],"class_list":["post-97682","post","type-post","status-publish","format-standard","has-post-thumbnail","hentry","category-cidade"],"_links":{"self":[{"href":"https:\/\/tvc16.com\/portal\/wp-json\/wp\/v2\/posts\/97682","targetHints":{"allow":["GET"]}}],"collection":[{"href":"https:\/\/tvc16.com\/portal\/wp-json\/wp\/v2\/posts"}],"about":[{"href":"https:\/\/tvc16.com\/portal\/wp-json\/wp\/v2\/types\/post"}],"author":[{"embeddable":true,"href":"https:\/\/tvc16.com\/portal\/wp-json\/wp\/v2\/users\/2"}],"replies":[{"embeddable":true,"href":"https:\/\/tvc16.com\/portal\/wp-json\/wp\/v2\/comments?post=97682"}],"version-history":[{"count":1,"href":"https:\/\/tvc16.com\/portal\/wp-json\/wp\/v2\/posts\/97682\/revisions"}],"predecessor-version":[{"id":97684,"href":"https:\/\/tvc16.com\/portal\/wp-json\/wp\/v2\/posts\/97682\/revisions\/97684"}],"wp:featuredmedia":[{"embeddable":true,"href":"https:\/\/tvc16.com\/portal\/wp-json\/wp\/v2\/media\/97683"}],"wp:attachment":[{"href":"https:\/\/tvc16.com\/portal\/wp-json\/wp\/v2\/media?parent=97682"}],"wp:term":[{"taxonomy":"category","embeddable":true,"href":"https:\/\/tvc16.com\/portal\/wp-json\/wp\/v2\/categories?post=97682"},{"taxonomy":"post_tag","embeddable":true,"href":"https:\/\/tvc16.com\/portal\/wp-json\/wp\/v2\/tags?post=97682"}],"curies":[{"name":"wp","href":"https:\/\/api.w.org\/{rel}","templated":true}]}}