{"id":9769,"date":"2021-01-20T06:03:32","date_gmt":"2021-01-20T09:03:32","guid":{"rendered":"https:\/\/tvc16.com\/portal\/?p=9769"},"modified":"2021-01-20T06:03:34","modified_gmt":"2021-01-20T09:03:34","slug":"governo-do-estado-do-rio-de-janeiro-atraves-da-secretaria-de-saude-realizou-nesta-terca-feira-19-uma-megaoperacao-logistica-para-a-distribuicao-da-vacina-coronavac-contra-a-covid-19-para-todos-os","status":"publish","type":"post","link":"https:\/\/tvc16.com\/portal\/2021\/01\/20\/governo-do-estado-do-rio-de-janeiro-atraves-da-secretaria-de-saude-realizou-nesta-terca-feira-19-uma-megaoperacao-logistica-para-a-distribuicao-da-vacina-coronavac-contra-a-covid-19-para-todos-os\/","title":{"rendered":"Governo do Estado do Rio de Janeiro, atrav\u00e9s da Secretaria de Sa\u00fade, realizou nesta ter\u00e7a-feira (19) uma megaopera\u00e7\u00e3o log\u00edstica para a distribui\u00e7\u00e3o da vacina CoronaVac contra a Covid-19 para todos os 92 munic\u00edpios fluminenses."},"content":{"rendered":"\n<p><\/p>\n\n\n\n<p>Em menos de 12h todas as secretarias municipais de Sa\u00fade receberam, por vias \u00e1rea ou terrestre, as primeiras doses para imunizar 244.160 pessoas que integram o grupo priorit\u00e1rio de risco. A cidade de Porto Real foi a \u00faltima a receber as vacinas.<\/p>\n\n\n\n<p>&#8211; A opera\u00e7\u00e3o log\u00edstica foi realizada para garantir que todas as cidades j\u00e1 tenham as vacinas \u00e0 disposi\u00e7\u00e3o para iniciar a campanha nesta quarta-feira (20\/01). O objetivo do Plano Estadual de Imuniza\u00e7\u00e3o \u00e9 que toda a popula\u00e7\u00e3o seja vacinada no menor tempo poss\u00edvel &#8211; ressaltou o governador em exerc\u00edcio, Cl\u00e1udio Castro.&nbsp;&nbsp;<\/p>\n\n\n\n<p>A a\u00e7\u00e3o contou com o apoio de duas aeronaves do Corpo de Bombeiros, uma da Secretaria de Estado de Policia Militar, uma da Secretaria de Estado de Pol\u00edcia Civil e uma do Gabinete de Seguran\u00e7a Institucional (GSI). Cerca de 100 policiais militares escoltaram as cargas terrestres at\u00e9 as cidades de destino.\u00a0<br><br>O Governo do Rio de Janeiro segue o Plano Nacional de Imuniza\u00e7\u00e3o (PNI) do Minist\u00e9rio da Sa\u00fade, que prev\u00ea a vacina\u00e7\u00e3o em quatro fases priorit\u00e1rias. Nesta primeira etapa ser\u00e3o vacinados trabalhadores da linha de frente da sa\u00fade, idosos residentes em institui\u00e7\u00f5es de longa perman\u00eancia (institucionalizadas), pessoas com defici\u00eancia a partir de 18 anos de idade, moradores de Resid\u00eancias Inclusivas (institucionalizadas) e popula\u00e7\u00e3o ind\u00edgena vivendo em terras ind\u00edgenas<br><br>As vacinas para a segunda dose, incluindo a reserva t\u00e9cnica, ficar\u00e3o sob ger\u00eancia da Secretaria de Estado de Sa\u00fade, na Coordenadoria Geral de Armazenagem (CGA), para garantir que o esquema vacinal aconte\u00e7a conforme o determinado pelo fabricante, 21 dias ap\u00f3s aplica\u00e7\u00e3o da primeira dose.\u00a0<br><br><strong>Monitoramento p\u00f3s-vacina\u00e7\u00e3o<\/strong><\/p>\n\n\n\n<p>A Secretaria de Estado de Sa\u00fade criou o Grupo T\u00e9cnico de Investiga\u00e7\u00e3o de Eventos Adversos P\u00f3s-vacinais para Covid-19. A comiss\u00e3o de especialistas da Subsecretaria de Vigil\u00e2ncia em Sa\u00fade tem a miss\u00e3o de auxiliar os munic\u00edpios para que fa\u00e7am a notifica\u00e7\u00e3o de forma correta, seguindo os procedimentos operacionais dos eventos adversos p\u00f3s-vacinais graves ou inusitados. Os t\u00e9cnicos tamb\u00e9m v\u00e3o assessorar as prefeituras na investiga\u00e7\u00e3o dos casos, quando necess\u00e1rio. O objetivo \u00e9 que os processos de notifica\u00e7\u00e3o, investiga\u00e7\u00e3o, acompanhamento e elucida\u00e7\u00e3o de poss\u00edveis eventos aconte\u00e7am com agilidade.<\/p>\n\n\n\n<p><strong>Seringas<\/strong><\/p>\n\n\n\n<p>O Governo do Estado encerrou, na segunda-feira (18), a entrega das 5,5 milh\u00f5es de seringas para a campanha de vacina\u00e7\u00e3o contra a Covid-19. O material foi enviado aos 92 munic\u00edpios em tr\u00eas dias de entrega realizada pela Coordena\u00e7\u00e3o Geral de Armazenagem.<\/p>\n","protected":false},"excerpt":{"rendered":"<p>Em menos de 12h todas as secretarias municipais de Sa\u00fade receberam, por vias \u00e1rea ou<\/p>\n","protected":false},"author":2,"featured_media":9770,"comment_status":"open","ping_status":"open","sticky":false,"template":"","format":"standard","meta":{"footnotes":""},"categories":[17],"tags":[],"class_list":["post-9769","post","type-post","status-publish","format-standard","has-post-thumbnail","hentry","category-outras-noticias"],"_links":{"self":[{"href":"https:\/\/tvc16.com\/portal\/wp-json\/wp\/v2\/posts\/9769","targetHints":{"allow":["GET"]}}],"collection":[{"href":"https:\/\/tvc16.com\/portal\/wp-json\/wp\/v2\/posts"}],"about":[{"href":"https:\/\/tvc16.com\/portal\/wp-json\/wp\/v2\/types\/post"}],"author":[{"embeddable":true,"href":"https:\/\/tvc16.com\/portal\/wp-json\/wp\/v2\/users\/2"}],"replies":[{"embeddable":true,"href":"https:\/\/tvc16.com\/portal\/wp-json\/wp\/v2\/comments?post=9769"}],"version-history":[{"count":1,"href":"https:\/\/tvc16.com\/portal\/wp-json\/wp\/v2\/posts\/9769\/revisions"}],"predecessor-version":[{"id":9771,"href":"https:\/\/tvc16.com\/portal\/wp-json\/wp\/v2\/posts\/9769\/revisions\/9771"}],"wp:featuredmedia":[{"embeddable":true,"href":"https:\/\/tvc16.com\/portal\/wp-json\/wp\/v2\/media\/9770"}],"wp:attachment":[{"href":"https:\/\/tvc16.com\/portal\/wp-json\/wp\/v2\/media?parent=9769"}],"wp:term":[{"taxonomy":"category","embeddable":true,"href":"https:\/\/tvc16.com\/portal\/wp-json\/wp\/v2\/categories?post=9769"},{"taxonomy":"post_tag","embeddable":true,"href":"https:\/\/tvc16.com\/portal\/wp-json\/wp\/v2\/tags?post=9769"}],"curies":[{"name":"wp","href":"https:\/\/api.w.org\/{rel}","templated":true}]}}