{"id":97691,"date":"2025-01-25T05:00:00","date_gmt":"2025-01-25T08:00:00","guid":{"rendered":"https:\/\/tvc16.com\/portal\/?p=97691"},"modified":"2025-01-21T12:54:11","modified_gmt":"2025-01-21T15:54:11","slug":"teresopolis-e-premiada-na-ii-mostra-de-praticas-exitosas-do-rj-no-ambito-do-programa-saude-na-escola","status":"publish","type":"post","link":"https:\/\/tvc16.com\/portal\/2025\/01\/25\/teresopolis-e-premiada-na-ii-mostra-de-praticas-exitosas-do-rj-no-ambito-do-programa-saude-na-escola\/","title":{"rendered":"Teres\u00f3polis \u00e9 premiada na\u00a0\u00a0II Mostra de Pr\u00e1ticas Exitosas do RJ no \u00e2mbito do Programa Sa\u00fade na Escola"},"content":{"rendered":"\n<p>No dia 16 de janeiro, a equipe do Programa Sa\u00fade na Escola (PSE) Teres\u00f3polis foi premiada na\u00a0II Mostra de Pr\u00e1ticas Exitosas do RJ no \u00e2mbito do PSE, realizada pela\u00a0 Secretaria de Educa\u00e7\u00e3o e pela Secretaria de Sa\u00fade do Estado do RJ. O evento foi realizado no audit\u00f3rio da SEEDUC, no centro da cidade da cidade do Rio de Janeiro e premiou Teres\u00f3polis pelo\u00a0desenvolvimento das a\u00e7\u00f5es\u00a0 de Enfrentamento \u00e0 Viol\u00eancia contra a Mulher. outras 5 cidades do Estado tamb\u00e9m foram premiadas.\u00a0<\/p>\n\n\n\n<p>O projeto ganhador, executado pela Secretaria Municipal de Sa\u00fade,&nbsp;iniciou-se em mar\u00e7o de 2023 ,quando ap\u00f3s o acesso \u00e0s estat\u00edsticas de viol\u00eancia contra a mulher em Teres\u00f3polis, a equipe do PSE identificou a necessidade de desenvolver a\u00e7\u00f5es de&nbsp; enfrentamento e conscientiza\u00e7\u00e3o sobre o tema. O projeto acontece em parceria com o Conselho Municipal de Defesa dos Direitos da Mulher e atua com alunos do quarto ao sexto ano da rede municipal de ensino, realizando uma atividade de conscientiza\u00e7\u00e3o junto aos profissionais, pais e respons\u00e1veis, apresentado o Programa Sa\u00fade na Escola, o Conselho da Mulher, a Lei Maria da Penha e os n\u00facleos de ajuda \u00e0 mulher dispon\u00edveis no Munic\u00edpio.&nbsp;&nbsp;<\/p>\n\n\n\n<p>\u201cFoi uma grata alegria poder representar o nosso munic\u00edpio e apresentar as a\u00e7\u00f5es desenvolvidas, junto \u00e0 comunidade escolar, mesmo diante das dificuldades e limita\u00e7\u00f5es, de forma que todos tenham acesso \u00e0 informa\u00e7\u00f5es relevantes e se conscientizem de que podem ser protagonistas de suas hist\u00f3rias.\u201d Declarou a Coordenadora do Programa Sa\u00fade na Escola, Val\u00e9ria de Almeida.&nbsp;<\/p>\n\n\n\n<p>Al\u00e9m de Teres\u00f3polis, Campos dos Goytacazes, Duque de Caxias, Itabora\u00ed, Itatiaia e Petr\u00f3polis foram homenageados pelos seus trabalhos com tem\u00e1ticas como a sa\u00fade mental dos estudantes, vacina\u00e7\u00e3o, preven\u00e7\u00e3o de viol\u00eancias e protagonismo juvenil na promo\u00e7\u00e3o da sa\u00fade nas escolas. O evento contou ainda com a presen\u00e7a da Secret\u00e1ria de Estadual de Educa\u00e7\u00e3o,&nbsp; Prof\u00aa Roberta Barreto.<\/p>\n\n\n\n<p>Fotos: Divulga\u00e7\u00e3o.&nbsp;<\/p>\n","protected":false},"excerpt":{"rendered":"<p>No dia 16 de janeiro, a equipe do Programa Sa\u00fade na Escola (PSE) Teres\u00f3polis foi<\/p>\n","protected":false},"author":2,"featured_media":97692,"comment_status":"open","ping_status":"open","sticky":false,"template":"","format":"standard","meta":{"footnotes":""},"categories":[17],"tags":[],"class_list":["post-97691","post","type-post","status-publish","format-standard","has-post-thumbnail","hentry","category-outras-noticias"],"_links":{"self":[{"href":"https:\/\/tvc16.com\/portal\/wp-json\/wp\/v2\/posts\/97691","targetHints":{"allow":["GET"]}}],"collection":[{"href":"https:\/\/tvc16.com\/portal\/wp-json\/wp\/v2\/posts"}],"about":[{"href":"https:\/\/tvc16.com\/portal\/wp-json\/wp\/v2\/types\/post"}],"author":[{"embeddable":true,"href":"https:\/\/tvc16.com\/portal\/wp-json\/wp\/v2\/users\/2"}],"replies":[{"embeddable":true,"href":"https:\/\/tvc16.com\/portal\/wp-json\/wp\/v2\/comments?post=97691"}],"version-history":[{"count":2,"href":"https:\/\/tvc16.com\/portal\/wp-json\/wp\/v2\/posts\/97691\/revisions"}],"predecessor-version":[{"id":97694,"href":"https:\/\/tvc16.com\/portal\/wp-json\/wp\/v2\/posts\/97691\/revisions\/97694"}],"wp:featuredmedia":[{"embeddable":true,"href":"https:\/\/tvc16.com\/portal\/wp-json\/wp\/v2\/media\/97692"}],"wp:attachment":[{"href":"https:\/\/tvc16.com\/portal\/wp-json\/wp\/v2\/media?parent=97691"}],"wp:term":[{"taxonomy":"category","embeddable":true,"href":"https:\/\/tvc16.com\/portal\/wp-json\/wp\/v2\/categories?post=97691"},{"taxonomy":"post_tag","embeddable":true,"href":"https:\/\/tvc16.com\/portal\/wp-json\/wp\/v2\/tags?post=97691"}],"curies":[{"name":"wp","href":"https:\/\/api.w.org\/{rel}","templated":true}]}}