{"id":97698,"date":"2025-01-21T13:15:14","date_gmt":"2025-01-21T16:15:14","guid":{"rendered":"https:\/\/tvc16.com\/portal\/?p=97698"},"modified":"2025-01-21T13:15:18","modified_gmt":"2025-01-21T16:15:18","slug":"com-divida-em-torno-de-r-700-milhoes-prefeitura-de-teresopolis-decreta-estado-de-calamidade-financeira-no-municipio","status":"publish","type":"post","link":"https:\/\/tvc16.com\/portal\/2025\/01\/21\/com-divida-em-torno-de-r-700-milhoes-prefeitura-de-teresopolis-decreta-estado-de-calamidade-financeira-no-municipio\/","title":{"rendered":"Com d\u00edvida\u00a0em torno de R$ 700 milh\u00f5es, Prefeitura de Teres\u00f3polis decreta estado de calamidade financeira no Munic\u00edpio"},"content":{"rendered":"\n<p><em><strong>Entre os d\u00e9bitos est\u00e3o estoque de&nbsp;<\/strong><\/em><em><strong>precat\u00f3rios, inadimpl\u00eancia de repasses ao Tereprev e&nbsp;<\/strong><\/em><em><strong>pagamentos atrasados de&nbsp;<\/strong><\/em><em><strong>sal\u00e1rios e de prestadores de servi\u00e7os<\/strong><\/em><\/p>\n\n\n\n<p>O Prefeito Leonardo Vasconcellos decretou estado de calamidade financeira em Teres\u00f3polis.&nbsp;O motivo \u00e9 a grave situa\u00e7\u00e3o financeira do Munic\u00edpio, que n\u00e3o tem recursos suficientes para o pagamento de servidores e fornecedores, e nem para a presta\u00e7\u00e3o de servi\u00e7os essenciais \u00e0 popula\u00e7\u00e3o.<\/p>\n\n\n\n<p>Publicado no Di\u00e1rio Oficial desta segunda-feira, 20\/01, e v\u00e1lido por 90 dias,&nbsp;o Decreto n\u00ba 6.353\/2025 (<a rel=\"noreferrer noopener\" target=\"_blank\" href=\"https:\/\/na01.safelinks.protection.outlook.com\/?url=https%3A%2F%2Fatos.teresopolis.rj.gov.br%2Fdiario%2F%23%2Fdiario%2F2845&amp;data=05%7C02%7C%7Cefd88daaf46740a040f008dd39952fb1%7C84df9e7fe9f640afb435aaaaaaaaaaaa%7C1%7C0%7C638730035125348271%7CUnknown%7CTWFpbGZsb3d8eyJFbXB0eU1hcGkiOnRydWUsIlYiOiIwLjAuMDAwMCIsIlAiOiJXaW4zMiIsIkFOIjoiTWFpbCIsIldUIjoyfQ%3D%3D%7C0%7C%7C%7C&amp;sdata=7S2%2F2u8hZqIs8Nt3yZgfGu8ZkGfhGH6njegQv7xRAFw%3D&amp;reserved=0\">https:\/\/atos.teresopolis.rj.gov.br\/diario\/#\/diario\/2845<\/a>)&nbsp;ser\u00e1 enviado \u00e0 C\u00e2mara Municipal e a outros \u00f3rg\u00e3os de controle externo, como o&nbsp;TCE-RJ (Tribunal de Contas do Estado do Rio de Janeiro)&nbsp;e o MPRJ (Minist\u00e9rio P\u00fablico do Estado do Rio de Janeiro), para acompanhamento de sua aplica\u00e7\u00e3o.&nbsp;<\/p>\n\n\n\n<p>\u201cA situa\u00e7\u00e3o financeira do Munic\u00edpio \u00e9 calamitosa.&nbsp;Vamos criar uma Comiss\u00e3o de Gest\u00e3o de Crise Financeira para monitorar e propor medidas de ajuste fiscal e econ\u00f4mico e acompanhar a execu\u00e7\u00e3o do or\u00e7amento durante o per\u00edodo de calamidade financeira. Tamb\u00e9m&nbsp;vamos elaborar um plano emergencial para firmar parceria e captar recursos financeiros junto aos governos estadual e federal. Prezamos pela transpar\u00eancia e todos os nossos atos ser\u00e3o divulgados, para que a popula\u00e7\u00e3o saiba tudo o que est\u00e1 acontecendo e quais provid\u00eancias ser\u00e3o tomadas\u201d, assegura o Prefeito Leonardo Vasconcellos.<\/p>\n\n\n\n<p><strong>D\u00edvidas:&nbsp;<\/strong>De acordo com informa\u00e7\u00f5es coletadas pelo Governo Municipal no per\u00edodo de transi\u00e7\u00e3o, a d\u00edvida herdada da gest\u00e3o anterior inclui um estoque de precat\u00f3rios de R$ 700 milh\u00f5es. Tamb\u00e9m foram contabilizados&nbsp;um passivo aproximado de R$ 70 milh\u00f5es, relativos ao atraso do pagamento de sal\u00e1rios e do 13\u00ba sal\u00e1rio dos servidores municipais ativos e inativos, e um montante superior a R$ 25 milh\u00f5es, relacionado a repasses que deixaram de ser feitos ao Tereprev (Instituto de Previd\u00eancia dos Servidores P\u00fablicos Municipais de Teres\u00f3polis) no \u00faltimo quadrimestre de 2024.<\/p>\n\n\n\n<p><strong>Medidas:&nbsp;<\/strong>Durante a validade do decreto,&nbsp;ficam mantidas apenas as despesas essenciais para a continuidade dos servi\u00e7os p\u00fablicos, com prioridade no pagamento da folha de servidores e a regulariza\u00e7\u00e3o gradativa das obriga\u00e7\u00f5es com os fornecedores essenciais.&nbsp;Todos os contratos administrativos em vigor ser\u00e3o revisados para renegocia\u00e7\u00e3o de valores e ser\u00e1 realizada auditoria em todas as d\u00edvidas e contratos, a fim de identificar eventuais irregularidades e adotar as medidas para a responsabiliza\u00e7\u00e3o dos autores.<\/p>\n","protected":false},"excerpt":{"rendered":"<p>Entre os d\u00e9bitos est\u00e3o estoque de&nbsp;precat\u00f3rios, inadimpl\u00eancia de repasses ao Tereprev e&nbsp;pagamentos atrasados de&nbsp;sal\u00e1rios e<\/p>\n","protected":false},"author":2,"featured_media":97699,"comment_status":"open","ping_status":"open","sticky":false,"template":"","format":"standard","meta":{"footnotes":""},"categories":[17],"tags":[],"class_list":["post-97698","post","type-post","status-publish","format-standard","has-post-thumbnail","hentry","category-outras-noticias"],"_links":{"self":[{"href":"https:\/\/tvc16.com\/portal\/wp-json\/wp\/v2\/posts\/97698","targetHints":{"allow":["GET"]}}],"collection":[{"href":"https:\/\/tvc16.com\/portal\/wp-json\/wp\/v2\/posts"}],"about":[{"href":"https:\/\/tvc16.com\/portal\/wp-json\/wp\/v2\/types\/post"}],"author":[{"embeddable":true,"href":"https:\/\/tvc16.com\/portal\/wp-json\/wp\/v2\/users\/2"}],"replies":[{"embeddable":true,"href":"https:\/\/tvc16.com\/portal\/wp-json\/wp\/v2\/comments?post=97698"}],"version-history":[{"count":1,"href":"https:\/\/tvc16.com\/portal\/wp-json\/wp\/v2\/posts\/97698\/revisions"}],"predecessor-version":[{"id":97700,"href":"https:\/\/tvc16.com\/portal\/wp-json\/wp\/v2\/posts\/97698\/revisions\/97700"}],"wp:featuredmedia":[{"embeddable":true,"href":"https:\/\/tvc16.com\/portal\/wp-json\/wp\/v2\/media\/97699"}],"wp:attachment":[{"href":"https:\/\/tvc16.com\/portal\/wp-json\/wp\/v2\/media?parent=97698"}],"wp:term":[{"taxonomy":"category","embeddable":true,"href":"https:\/\/tvc16.com\/portal\/wp-json\/wp\/v2\/categories?post=97698"},{"taxonomy":"post_tag","embeddable":true,"href":"https:\/\/tvc16.com\/portal\/wp-json\/wp\/v2\/tags?post=97698"}],"curies":[{"name":"wp","href":"https:\/\/api.w.org\/{rel}","templated":true}]}}