{"id":97706,"date":"2025-01-25T05:00:00","date_gmt":"2025-01-25T08:00:00","guid":{"rendered":"https:\/\/tvc16.com\/portal\/?p=97706"},"modified":"2025-01-21T14:23:47","modified_gmt":"2025-01-21T17:23:47","slug":"escolas-do-grupo-especial-do-rio-comecam-ensaios-tecnicos-hoje-25","status":"publish","type":"post","link":"https:\/\/tvc16.com\/portal\/2025\/01\/25\/escolas-do-grupo-especial-do-rio-comecam-ensaios-tecnicos-hoje-25\/","title":{"rendered":"Escolas do Grupo Especial do Rio come\u00e7am ensaios t\u00e9cnicos hoje (25)"},"content":{"rendered":"\n<p>Os ensaios t\u00e9cnicos das Escolas de Samba do Grupo Especial do Rio de Janeiro, que costumam atrair grande p\u00fablico para a Passarela do Samba, da Marqu\u00eas de Sapuca\u00ed, no centro da cidade, v\u00e3o come\u00e7ar hoje (25). A primeira agremia\u00e7\u00e3o ser\u00e1 a Unidos de Padre Miguel, que ao ser campe\u00e3 na S\u00e9rie Ouro em 2024, conquistou o direito de integrar o Grupo Especial, considerado a elite do carnaval do Rio.<img decoding=\"async\" src=\"https:\/\/agenciabrasil.ebc.com.br\/ebc.png?id=1626806&amp;o=node\"><img decoding=\"async\" src=\"https:\/\/agenciabrasil.ebc.com.br\/ebc.gif?id=1626806&amp;o=node\"><\/p>\n\n\n\n<p>Na primeira etapa, at\u00e9 o dia 15 de fevereiro, as agremia\u00e7\u00f5es v\u00e3o mostrar parte do que est\u00e3o preparando para o Rio Carnaval 2025, sempre aos s\u00e1bados, a partir das 19h, com entrada gratuita. A programa\u00e7\u00e3o neste dia atende a um pedido de componentes, que at\u00e9 o ano passado, depois de desfilarem aos domingos sa\u00edam tarde do Samb\u00f3dromo tendo que trabalhar na segunda-feira logo cedo. Isso sem contar com as dificuldades que encontravam nos transportes na volta para casa.<\/p>\n\n\n\n<p>A partir do dia 20 de fevereiro, poucos dias antes dos desfiles oficiais, as escolas retornar\u00e3o para um segundo ensaio t\u00e9cnico in\u00e9dito. Nesses dias, as agremia\u00e7\u00f5es far\u00e3o testes de luz e som da Passarela do Samba e contar\u00e3o com os mesmos sistemas sonoros e de ilumina\u00e7\u00e3o da apresenta\u00e7\u00e3o oficial.<\/p>\n\n\n\n<p>Calend\u00e1rio da primeira fase:<\/p>\n\n\n\n<p>Dia 25\/1<\/p>\n\n\n\n<p>19h &#8211; Unidos de Padre Miguel<\/p>\n\n\n\n<p>20h30 &#8211; Unidos da Tijuca<\/p>\n\n\n\n<p>22h &#8211; Mocidade Independente<\/p>\n\n\n\n<p>Dia 1\u00ba\/2<\/p>\n\n\n\n<p>19h &#8211; Para\u00edso do Tuiuti<\/p>\n\n\n\n<p>20h30 &#8211; Beija-Flor<\/p>\n\n\n\n<p>22h &#8211; Mangueira<\/p>\n\n\n\n<p>Dia 8\/2<\/p>\n\n\n\n<p>19h &#8211; Vila Isabel<\/p>\n\n\n\n<p>20h30 &#8211; Portela<\/p>\n\n\n\n<p>22h &#8211; Grande Rio<\/p>\n\n\n\n<p>Dia 15\/2<\/p>\n\n\n\n<p>19h &#8211; Salgueiro<\/p>\n\n\n\n<p>20h30 &#8211; Imperatriz Leopoldinense<\/p>\n\n\n\n<p>22h &#8211; Viradouro<\/p>\n\n\n\n<p>Segunda fase (teste de luz e som):<\/p>\n\n\n\n<p>Dia 20\/2<\/p>\n\n\n\n<p>20h &#8211; Unidos de Padre Miguel<\/p>\n\n\n\n<p>21h30 &#8211; Unidos da Tijuca<\/p>\n\n\n\n<p>23h &#8211; Mocidade Independente<\/p>\n\n\n\n<p>Dia 21\/2 (teste de luz e som):<\/p>\n\n\n\n<p>20h &#8211; Para\u00edso do Tuiuti<\/p>\n\n\n\n<p>21h30 &#8211; Beija-Flor<\/p>\n\n\n\n<p>23h &#8211; Mangueira<\/p>\n\n\n\n<p>Dia 22\/2 (teste de luz e som):<\/p>\n\n\n\n<p>18h &#8211; Lavagem<\/p>\n\n\n\n<p>20h &#8211; Vila Isabel<\/p>\n\n\n\n<p>21h30 &#8211; Portela<\/p>\n\n\n\n<p>23h &#8211; Salgueiro<\/p>\n\n\n\n<p>Dia 23\/2 (teste de luz e som):<\/p>\n\n\n\n<p>20h &#8211; Grande Rio<\/p>\n\n\n\n<p>21h30 &#8211; Imperatriz Leopoldinense<\/p>\n\n\n\n<p>23h &#8211; Viradouro<\/p>\n\n\n\n<p>Cristina Indio do Brasil &#8211; Rep\u00f3rter da Ag\u00eancia Brasil<br>Foto: \u00a9 Rafael Catarcione\/Prefeitura do Rio<br><\/p>\n","protected":false},"excerpt":{"rendered":"<p>Os ensaios t\u00e9cnicos das Escolas de Samba do Grupo Especial do Rio de Janeiro, que<\/p>\n","protected":false},"author":2,"featured_media":97707,"comment_status":"open","ping_status":"open","sticky":false,"template":"","format":"standard","meta":{"footnotes":""},"categories":[17],"tags":[],"class_list":["post-97706","post","type-post","status-publish","format-standard","has-post-thumbnail","hentry","category-outras-noticias"],"_links":{"self":[{"href":"https:\/\/tvc16.com\/portal\/wp-json\/wp\/v2\/posts\/97706","targetHints":{"allow":["GET"]}}],"collection":[{"href":"https:\/\/tvc16.com\/portal\/wp-json\/wp\/v2\/posts"}],"about":[{"href":"https:\/\/tvc16.com\/portal\/wp-json\/wp\/v2\/types\/post"}],"author":[{"embeddable":true,"href":"https:\/\/tvc16.com\/portal\/wp-json\/wp\/v2\/users\/2"}],"replies":[{"embeddable":true,"href":"https:\/\/tvc16.com\/portal\/wp-json\/wp\/v2\/comments?post=97706"}],"version-history":[{"count":1,"href":"https:\/\/tvc16.com\/portal\/wp-json\/wp\/v2\/posts\/97706\/revisions"}],"predecessor-version":[{"id":97708,"href":"https:\/\/tvc16.com\/portal\/wp-json\/wp\/v2\/posts\/97706\/revisions\/97708"}],"wp:featuredmedia":[{"embeddable":true,"href":"https:\/\/tvc16.com\/portal\/wp-json\/wp\/v2\/media\/97707"}],"wp:attachment":[{"href":"https:\/\/tvc16.com\/portal\/wp-json\/wp\/v2\/media?parent=97706"}],"wp:term":[{"taxonomy":"category","embeddable":true,"href":"https:\/\/tvc16.com\/portal\/wp-json\/wp\/v2\/categories?post=97706"},{"taxonomy":"post_tag","embeddable":true,"href":"https:\/\/tvc16.com\/portal\/wp-json\/wp\/v2\/tags?post=97706"}],"curies":[{"name":"wp","href":"https:\/\/api.w.org\/{rel}","templated":true}]}}