{"id":97709,"date":"2025-01-25T05:00:00","date_gmt":"2025-01-25T08:00:00","guid":{"rendered":"https:\/\/tvc16.com\/portal\/?p=97709"},"modified":"2025-01-21T14:27:14","modified_gmt":"2025-01-21T17:27:14","slug":"museu-nacional-de-belas-artes-conclui-90-da-reforma-iniciada-em-2020","status":"publish","type":"post","link":"https:\/\/tvc16.com\/portal\/2025\/01\/25\/museu-nacional-de-belas-artes-conclui-90-da-reforma-iniciada-em-2020\/","title":{"rendered":"Museu Nacional de Belas Artes conclui 90% da reforma iniciada em 2020"},"content":{"rendered":"\n<p>Fechado para visita\u00e7\u00e3o desde 2020, o Museu Nacional de Belas Artes est\u00e1 com mais de 90% de sua reforma conclu\u00edda segundo estimativas dos arquitetos envolvidos no projeto.<img decoding=\"async\" src=\"https:\/\/agenciabrasil.ebc.com.br\/ebc.png?id=1626733&amp;o=node\"><img decoding=\"async\" src=\"https:\/\/agenciabrasil.ebc.com.br\/ebc.gif?id=1626733&amp;o=node\"><\/p>\n\n\n\n<figure class=\"wp-block-image\"><img loading=\"lazy\" decoding=\"async\" width=\"365\" height=\"243\" src=\"https:\/\/tvc16.com\/portal\/wp-content\/uploads\/2025\/01\/d6a1766.webp\" alt=\"Rio de Janeiro (RJ) 13\/01\/2025 \u2013 A muse\u00f3loga Daniela Matera, diretora do Museu Nacional de Belas Artes, fala sobre as obras no pr\u00e9dio, fechado desde 2020, em celebra\u00e7\u00e3o de 88 anos. Foto: Fernando Fraz\u00e3o\/Ag\u00eancia Brasil\" class=\"wp-image-97711\" title=\"Fernando Fraz\u00e3o\/Ag\u00eancia Brasil\" srcset=\"https:\/\/tvc16.com\/portal\/wp-content\/uploads\/2025\/01\/d6a1766.webp 365w, https:\/\/tvc16.com\/portal\/wp-content\/uploads\/2025\/01\/d6a1766-300x200.webp 300w\" sizes=\"auto, (max-width: 365px) 100vw, 365px\" \/><\/figure>\n\n\n\n<h6 class=\"wp-block-heading\">A diretora do Museu Nacional de Belas Artes, Daniela Matera &#8211;&nbsp;<strong>Fernando Fraz\u00e3o\/Ag\u00eancia Brasil<\/strong><\/h6>\n\n\n\n<p>Trata-se da maior obra j\u00e1 realizada no edif\u00edcio, que possui 20.958 metros quadrados e guarda um dos maiores acervos do pa\u00eds, com aproximadamente 70 mil itens, incluindo diversas obras emblem\u00e1ticas para a hist\u00f3ria brasileira. Entre elas, est\u00e3o as telas&nbsp;<em>Primeira Missa no Brasil<\/em>&nbsp;e&nbsp;<em>Batalha dos Guararapes<\/em>, conclu\u00eddas respectivamente em 1861 e em 1879 pelo pintor Victor Meirelles.<\/p>\n\n\n\n<p>Localizado na Pra\u00e7a da Cinel\u00e2ndia, no centro do Rio de Janeiro, o Museu Nacional de Belas Artes celebrou nesta segunda-feira (13) o anivers\u00e1rio de 88 anos da assinatura do&nbsp;<a href=\"https:\/\/www.planalto.gov.br\/ccivil_03\/leis\/1930-1949\/l0378.htm\" target=\"_blank\" rel=\"noreferrer noopener\">Decreto-Lei 378\/1937<\/a>&nbsp;pelo ent\u00e3o presidente Get\u00falio Vargas, no qual foi criada a institui\u00e7\u00e3o. Para marcar a data, foi realizada uma palestra com arquitetos envolvidos na reforma.<\/p>\n\n\n\n<p>Apesar do est\u00e1gio avan\u00e7ado da obra, a expectativa \u00e9 de que a reabertura completa ocorra apenas em 2026. No entanto, a muse\u00f3loga Daniela Matera, diretora de museu, conta que ao longo desse ano pretende realizar diversos eventos nos espa\u00e7os que j\u00e1 estiverem liberados.<br>&nbsp;<\/p>\n\n\n\n<figure class=\"wp-block-image\"><img loading=\"lazy\" decoding=\"async\" width=\"754\" height=\"503\" src=\"https:\/\/tvc16.com\/portal\/wp-content\/uploads\/2025\/01\/d6a1883.webp\" alt=\"Rio de Janeiro (RJ) 13\/01\/2025 \u2013 Fechado desde 2020, o Museu Nacional de Belas Artes celebra 88 anos com exibi\u00e7\u00e3o do andamento de sua reforma estrutural e palestra com arquitetos que trabalham no projeto. Foto: Fernando Fraz\u00e3o\/Ag\u00eancia Brasil\" class=\"wp-image-97717\" title=\"Fernando Fraz\u00e3o\/Ag\u00eancia Brasil\" srcset=\"https:\/\/tvc16.com\/portal\/wp-content\/uploads\/2025\/01\/d6a1883.webp 754w, https:\/\/tvc16.com\/portal\/wp-content\/uploads\/2025\/01\/d6a1883-300x200.webp 300w\" sizes=\"auto, (max-width: 754px) 100vw, 754px\" \/><\/figure>\n\n\n\n<h6 class=\"wp-block-heading\">A previs\u00e3o de reabertura completa do Museu Nacional de Belas Artes \u00e9 em 2026 &#8211;&nbsp;<strong>Fernando Fraz\u00e3o\/Ag\u00eancia Brasil<\/strong><\/h6>\n\n\n\n<p>H\u00e1 a expectativa de abrir ao p\u00fablico em breve a lojinha, o caf\u00e9 e o teatro, bem como permitir o funcionamento normal do centro de pesquisa e do centro de documenta\u00e7\u00e3o. A escolha de uma nova identidade visual tamb\u00e9m est\u00e1 nos planos.<\/p>\n\n\n\n<p>Daniela destaca tamb\u00e9m que as atividades ao p\u00fablico nunca deixaram de ocorrer.<\/p>\n\n\n\n<blockquote class=\"wp-block-quote is-layout-flow wp-block-quote-is-layout-flow\">\n<p>&#8220;Fechados estamos, mas abertos tamb\u00e9m. Nesses \u00faltimos anos, transbordamos, realizando eventos e atividades que extrapolam as nossas barreiras f\u00edsicas, em um movimento de transbordamento como um movimento cont\u00ednuo e constante, como um rio.&#8221;<\/p>\n<\/blockquote>\n\n\n\n<h2 class=\"wp-block-heading\">Obra<\/h2>\n\n\n\n<p>Iniciada&nbsp;<a href=\"https:\/\/agenciabrasil.ebc.com.br\/geral\/noticia\/2020-03\/museu-de-belas-artes-no-rio-inicia-obras-de-restauracao-do-predio\" target=\"_blank\" rel=\"noreferrer noopener\">h\u00e1 quase cinco anos<\/a>, a reforma envolveu praticamente todo o edif\u00edcio. Na fachada, por exemplo, foram restaurados os relevos em terracota, os baixos-relevos, os nichos e os medalh\u00f5es com retratos de membros da Miss\u00e3o Art\u00edstica Francesa que desembarcou no Brasil em 1816.<\/p>\n\n\n\n<figure class=\"wp-block-image\"><img loading=\"lazy\" decoding=\"async\" width=\"365\" height=\"243\" src=\"https:\/\/tvc16.com\/portal\/wp-content\/uploads\/2025\/01\/d6a1892.webp\" alt=\"Rio de Janeiro (RJ) 13\/01\/2025 \u2013 Fechado desde 2020, o Museu Nacional de Belas Artes celebra 88 anos com exibi\u00e7\u00e3o do andamento de sua reforma estrutural, que atuou em esquadrias e vidros. Foto: Fernando Fraz\u00e3o\/Ag\u00eancia Brasil\" class=\"wp-image-97715\" title=\"Fernando Fraz\u00e3o\/Ag\u00eancia Brasil\" srcset=\"https:\/\/tvc16.com\/portal\/wp-content\/uploads\/2025\/01\/d6a1892.webp 365w, https:\/\/tvc16.com\/portal\/wp-content\/uploads\/2025\/01\/d6a1892-300x200.webp 300w\" sizes=\"auto, (max-width: 365px) 100vw, 365px\" \/><\/figure>\n\n\n\n<h6 class=\"wp-block-heading\">Museu Nacional de Belas Artes celebra 88 anos e mostra o andamento das obras de reforma, que inclu\u00edram trabalhos nas esquadrias e vidros &#8211;&nbsp;<strong>Fernando Fraz\u00e3o\/Ag\u00eancia Brasil<\/strong><\/h6>\n\n\n\n<p>Esquadrias e vidros tamb\u00e9m foram todos recuperados. Para a parte interna, tamb\u00e9m foi desenvolvido um projeto de prote\u00e7\u00e3o contra inc\u00eandio.<\/p>\n\n\n\n<p>Embora o Museu Nacional de Belas Artes tenha sido legalmente criado em 1937 e inaugurado em 1938, o edif\u00edcio \u00e9 mais antigo. Ele foi constru\u00eddo entre 1906 e 1908, durante as moderniza\u00e7\u00f5es urban\u00edsticas realizadas pelo prefeito Pereira Passos no Rio de Janeiro, que era na \u00e9poca a capital federal.<\/p>\n\n\n\n<p>O pr\u00e9dio foi o primeiro local de funcionamento da Escola Nacional de Belas Artes. O arquiteto Adolfo Morales de Los Rios apresentou um projeto bastante detalhista que incluiu in\u00fameros elementos decorativos, ornamentos e colunas, al\u00e9m de demandar a importa\u00e7\u00e3o de diversos materiais. H\u00e1, por exemplo, port\u00f5es de ferro que vieram da Alemanha.<\/p>\n\n\n\n<figure class=\"wp-block-image\"><img loading=\"lazy\" decoding=\"async\" width=\"365\" height=\"243\" src=\"https:\/\/tvc16.com\/portal\/wp-content\/uploads\/2025\/01\/d6a1786.webp\" alt=\"Rio de Janeiro (RJ) 13\/01\/2025 \u2013 O arquiteto Jo\u00e3o Legal Leal explica as obras no pr\u00e9dio do Museu Nacional de Belas Artes, que celebra 88 anos. Foto: Fernando Fraz\u00e3o\/Ag\u00eancia Brasil\" class=\"wp-image-97712\" title=\"Fernando Fraz\u00e3o\/Ag\u00eancia Brasil\" srcset=\"https:\/\/tvc16.com\/portal\/wp-content\/uploads\/2025\/01\/d6a1786.webp 365w, https:\/\/tvc16.com\/portal\/wp-content\/uploads\/2025\/01\/d6a1786-300x200.webp 300w\" sizes=\"auto, (max-width: 365px) 100vw, 365px\" \/><\/figure>\n\n\n\n<h6 class=\"wp-block-heading\">Arquiteto Jo\u00e3o Legal Leal, \u00e0 frente da reforma do Museu Nacional de Belas Artes, que celebra 88 anos &#8211;&nbsp;<strong>Fernando Fraz\u00e3o\/Ag\u00eancia Brasil<\/strong><\/h6>\n\n\n\n<p>\u00c0 frente da atual reforma do Museu Nacional de Belas Artes, o arquiteto Jo\u00e3o Legal Leal manifesta satisfa\u00e7\u00e3o com o resultado da obra, mas alerta que a institui\u00e7\u00e3o precisa manter rotinas de conserva\u00e7\u00e3o para evitar o avan\u00e7o de poss\u00edveis danos futuros.<\/p>\n\n\n\n<p>&#8220;\u00c9 preciso entender que a obra de restaura\u00e7\u00e3o n\u00e3o se resume a uma etapa, que \u00e9 conclu\u00edda e acaba. Ela \u00e9 permanente. O trato de mais de 20 mil metros quadrados de \u00e1rea constru\u00edda em um museu \u00e9 permanente. \u00c9 uma obra constante que nunca deixar\u00e1 de acontecer, diariamente. N\u00f3s temos uma equipe de manuten\u00e7\u00e3o, mas al\u00e9m disso temos trabalhos diuturnos, inclusive durante a noite e nos fins de semana, para manter esse edif\u00edcio em funcionamento&#8221;.<\/p>\n\n\n\n<figure class=\"wp-block-image\"><img loading=\"lazy\" decoding=\"async\" width=\"365\" height=\"243\" src=\"https:\/\/tvc16.com\/portal\/wp-content\/uploads\/2025\/01\/d6a1929.webp\" alt=\"Rio de Janeiro (RJ) 13\/01\/2025 \u2013 Visita \u00e0 c\u00fapula do  Museu Nacional de Belas Artes, que celebra 88 anos com exibi\u00e7\u00e3o do andamento de sua reforma estrutural e palestra com arquitetos que trabalham no projeto. Foto: Fernando Fraz\u00e3o\/Ag\u00eancia Brasil\" class=\"wp-image-97714\" title=\"Fernando Fraz\u00e3o\/Ag\u00eancia Brasil\" srcset=\"https:\/\/tvc16.com\/portal\/wp-content\/uploads\/2025\/01\/d6a1929.webp 365w, https:\/\/tvc16.com\/portal\/wp-content\/uploads\/2025\/01\/d6a1929-300x200.webp 300w\" sizes=\"auto, (max-width: 365px) 100vw, 365px\" \/><\/figure>\n\n\n\n<h6 class=\"wp-block-heading\">C\u00fapula reformada do Museu Nacional de Belas Artes &#8211;&nbsp;<strong>Fernando Fraz\u00e3o\/Ag\u00eancia Brasil<\/strong><\/h6>\n\n\n\n<h2 class=\"wp-block-heading\">C\u00fapula central<\/h2>\n\n\n\n<p>Na atual reforma, um dos grandes desafios envolveu a c\u00fapula central. A princ\u00edpio, foi aprovado um projeto para demolir a estrutura e reconstrui-la por inteiro. Seria, portanto, um elemento absolutamente novo, por\u00e9m buscando reproduzir caracter\u00edsticas da c\u00fapula original.<\/p>\n\n\n\n<p>Em 2021, no entanto, arquitetos do Instituto do Patrim\u00f4nio Hist\u00f3rico e Art\u00edstico Nacional (Iphan) passaram a defender uma outra proposta: a manuten\u00e7\u00e3o e a recupera\u00e7\u00e3o do esfor\u00e7o estrutural, a impermeabiliza\u00e7\u00e3o e o tratamento dos materiais.<\/p>\n\n\n\n<p>Um dos motivos para se pensar em uma alternativa era a preocupa\u00e7\u00e3o da ent\u00e3o gestora do Museu Vera Mangas, com a repercuss\u00e3o e o resultado da demoli\u00e7\u00e3o da estrutura.<\/p>\n\n\n\n<p>&#8220;Ela estava com receio do efeito que a demoli\u00e7\u00e3o teria para fora. O que as pessoas achariam ao passar por aqui?&#8221;, conta a arquiteta do Iphan, Let\u00edcia Pimentel.<br>&nbsp;<\/p>\n\n\n\n<figure class=\"wp-block-image\"><img loading=\"lazy\" decoding=\"async\" width=\"754\" height=\"503\" src=\"https:\/\/tvc16.com\/portal\/wp-content\/uploads\/2025\/01\/d6a2049.webp\" alt=\"Rio de Janeiro (RJ) 13\/01\/2025 \u2013 Fechado desde 2020, o Museu Nacional de Belas Artes celebra 88 anos com exibi\u00e7\u00e3o do andamento de sua reforma estrutural e palestra com arquitetos que trabalham no projeto. Foto: Fernando Fraz\u00e3o\/Ag\u00eancia Brasil\" class=\"wp-image-97716\" title=\"Fernando Fraz\u00e3o\/Ag\u00eancia Brasil\" srcset=\"https:\/\/tvc16.com\/portal\/wp-content\/uploads\/2025\/01\/d6a2049.webp 754w, https:\/\/tvc16.com\/portal\/wp-content\/uploads\/2025\/01\/d6a2049-300x200.webp 300w\" sizes=\"auto, (max-width: 754px) 100vw, 754px\" \/><\/figure>\n\n\n\n<h6 class=\"wp-block-heading\">Ao celebrar 88 anos, o Museu Nacional de Belas Artes exibe o andamento da reforma estrutural que come\u00e7ou em 2020 &#8211;&nbsp;<strong>Fernando Fraz\u00e3o\/Ag\u00eancia Brasil<\/strong><\/h6>\n\n\n\n<p>Ap\u00f3s an\u00e1lises, houve o convencimento de que a deteriora\u00e7\u00e3o da c\u00fapula estava relacionada \u00e0 infiltra\u00e7\u00e3o de \u00e1gua da chuva. Assim, um projeto que envolvesse uma impermeabiliza\u00e7\u00e3o eficaz poderia estender a vida \u00fatil da estrutura. Let\u00edcia conta que a c\u00fapula nunca havia sido submetida a um trabalho de conserva\u00e7\u00e3o em mais de 100 anos.<\/p>\n\n\n\n<p>Apesar de defender a proposta implementada, a arquiteta destaca o profissionalismo da equipe anterior, que previu a demoli\u00e7\u00e3o da c\u00fapula. &#8220;Ambas as propostas encontravam acolhida nas teorias da restaura\u00e7\u00e3o. Importante entender que restaura\u00e7\u00e3o n\u00e3o \u00e9 uma ci\u00eancia exata&#8221;, afirmou. Segundo ela, a primeira proposta dava mais foco \u00e0 estrutura, enquanto a alternativa que foi desenhada se prendeu aos materiais.<br>&nbsp;<\/p>\n\n\n\n<figure class=\"wp-block-image\"><img loading=\"lazy\" decoding=\"async\" width=\"754\" height=\"503\" src=\"https:\/\/tvc16.com\/portal\/wp-content\/uploads\/2025\/01\/d6a1860.webp\" alt=\"Rio de Janeiro (RJ) 13\/01\/2025 \u2013 Fechado desde 2020, o Museu Nacional de Belas Artes celebra 88 anos com exibi\u00e7\u00e3o do andamento de sua reforma estrutural e palestra com arquitetos que trabalham no projeto. Foto: Fernando Fraz\u00e3o\/Ag\u00eancia Brasil\" class=\"wp-image-97713\" title=\"Fernando Fraz\u00e3o\/Ag\u00eancia Brasil\" srcset=\"https:\/\/tvc16.com\/portal\/wp-content\/uploads\/2025\/01\/d6a1860.webp 754w, https:\/\/tvc16.com\/portal\/wp-content\/uploads\/2025\/01\/d6a1860-300x200.webp 300w\" sizes=\"auto, (max-width: 754px) 100vw, 754px\" \/><\/figure>\n\n\n\n<h6 class=\"wp-block-heading\">Museu Nacional realiza palestra com arquitetos sobre o projeto de reforma do pr\u00e9dio &#8211;&nbsp;<strong>Fernando Fraz\u00e3o\/Ag\u00eancia Brasil<\/strong><\/h6>\n\n\n\n<p>A mudan\u00e7a de rota recebeu o aval do Iphan, do Instituto Brasileiro de Museus (Ibram) e do Fundo de Defesa dos Direitos Difusos (FDD), que \u00e9 vinculado ao Minist\u00e9rio da Justi\u00e7a e Seguran\u00e7a P\u00fablica e que foi respons\u00e1vel por garantir os recursos financeiros.<\/p>\n\n\n\n<p>Agora, uma das principais pend\u00eancias antes da reabertura completa \u00e9 a reforma do sistema el\u00e9trico, que contar\u00e1 com recursos do Banco Nacional de Desenvolvimento Econ\u00f4mico e Social (BNDES).<\/p>\n\n\n\n<p>A petrol\u00edfera Shell, patrocinadora master do Museu Nacional de Belas Artes, ir\u00e1 financiar a climatiza\u00e7\u00e3o e os trabalhos de renova\u00e7\u00e3o das atividades educativas e da exposi\u00e7\u00e3o de longa dura\u00e7\u00e3o.<\/p>\n\n\n\n<p>H\u00e1 ainda o apoio da Associa\u00e7\u00e3o de Amigos e Colaboradores do Museu Nacional de Belas Artes (ABA) na atualiza\u00e7\u00e3o do acervo de arte contempor\u00e2nea e no desenvolvimento do projeto executivo para uso do cine-teatro.<\/p>\n\n\n\n<p>L\u00e9o Rodrigues \u2013 Rep\u00f3rter da Ag\u00eancia Brasil<br>Foto: \u00a9 Fernando Fraz\u00e3o\/Ag\u00eancia Brasil<br><\/p>\n","protected":false},"excerpt":{"rendered":"<p>Fechado para visita\u00e7\u00e3o desde 2020, o Museu Nacional de Belas Artes est\u00e1 com mais de<\/p>\n","protected":false},"author":2,"featured_media":97710,"comment_status":"open","ping_status":"open","sticky":false,"template":"","format":"standard","meta":{"footnotes":""},"categories":[17],"tags":[],"class_list":["post-97709","post","type-post","status-publish","format-standard","has-post-thumbnail","hentry","category-outras-noticias"],"_links":{"self":[{"href":"https:\/\/tvc16.com\/portal\/wp-json\/wp\/v2\/posts\/97709","targetHints":{"allow":["GET"]}}],"collection":[{"href":"https:\/\/tvc16.com\/portal\/wp-json\/wp\/v2\/posts"}],"about":[{"href":"https:\/\/tvc16.com\/portal\/wp-json\/wp\/v2\/types\/post"}],"author":[{"embeddable":true,"href":"https:\/\/tvc16.com\/portal\/wp-json\/wp\/v2\/users\/2"}],"replies":[{"embeddable":true,"href":"https:\/\/tvc16.com\/portal\/wp-json\/wp\/v2\/comments?post=97709"}],"version-history":[{"count":1,"href":"https:\/\/tvc16.com\/portal\/wp-json\/wp\/v2\/posts\/97709\/revisions"}],"predecessor-version":[{"id":97718,"href":"https:\/\/tvc16.com\/portal\/wp-json\/wp\/v2\/posts\/97709\/revisions\/97718"}],"wp:featuredmedia":[{"embeddable":true,"href":"https:\/\/tvc16.com\/portal\/wp-json\/wp\/v2\/media\/97710"}],"wp:attachment":[{"href":"https:\/\/tvc16.com\/portal\/wp-json\/wp\/v2\/media?parent=97709"}],"wp:term":[{"taxonomy":"category","embeddable":true,"href":"https:\/\/tvc16.com\/portal\/wp-json\/wp\/v2\/categories?post=97709"},{"taxonomy":"post_tag","embeddable":true,"href":"https:\/\/tvc16.com\/portal\/wp-json\/wp\/v2\/tags?post=97709"}],"curies":[{"name":"wp","href":"https:\/\/api.w.org\/{rel}","templated":true}]}}