{"id":9772,"date":"2021-01-20T06:08:09","date_gmt":"2021-01-20T09:08:09","guid":{"rendered":"https:\/\/tvc16.com\/portal\/?p=9772"},"modified":"2021-01-20T06:08:11","modified_gmt":"2021-01-20T09:08:11","slug":"inscritos-no-enem-com-suspeita-de-covid-19-devem-enviar-laudo-entre-25-e-29-de-janeiro","status":"publish","type":"post","link":"https:\/\/tvc16.com\/portal\/2021\/01\/20\/inscritos-no-enem-com-suspeita-de-covid-19-devem-enviar-laudo-entre-25-e-29-de-janeiro\/","title":{"rendered":"Inscritos no Enem com suspeita de Covid-19 devem enviar laudo entre 25 e 29 de janeiro"},"content":{"rendered":"\n<p>A recomenda\u00e7\u00e3o \u00e9 que esses participantes n\u00e3o compare\u00e7am aos locais de prova<\/p>\n\n\n\n<p>Os candidatos inscritos no Exame Nacional do Ensino M\u00e9dio (Enem) 2020 que apresentaram sintomas da Covid-19 ter\u00e3o que solicitar a participa\u00e7\u00e3o na reaplica\u00e7\u00e3o do exame entre os dias 25 e 29 de janeiro. O pedido tamb\u00e9m \u00e9 v\u00e1lido para quem estava com suspeita de outra&nbsp;doen\u00e7a infectocontagiosa.<\/p>\n\n\n\n<p>De acordo com o Instituto Nacional de Estudos e Pesquisas Educacionais An\u00edsio Teixeira (Inep), a solicita\u00e7\u00e3o dever\u00e1 ser feita na P\u00e1gina do Participante, na internet. A recomenda\u00e7\u00e3o \u00e9 que esses estudantes n\u00e3o compare\u00e7am aos locais de prova.<\/p>\n\n\n\n<p>As provas do Enem come\u00e7aram a ser aplicadas neste domingo (17) e seguem no pr\u00f3ximo, dia 24. O Inep informou que recebeu os primeiros pedidos e comprovantes da condi\u00e7\u00e3o entre 11 e 16 de janeiro. No entanto, \u00e0s 12h deste domingo, o sistema foi fechado para que as solicita\u00e7\u00f5es fossem avaliadas e os participantes recebessem a resposta antes da aplica\u00e7\u00e3o.<\/p>\n","protected":false},"excerpt":{"rendered":"<p>A recomenda\u00e7\u00e3o \u00e9 que esses participantes n\u00e3o compare\u00e7am aos locais de prova Os candidatos inscritos<\/p>\n","protected":false},"author":2,"featured_media":9773,"comment_status":"open","ping_status":"open","sticky":false,"template":"","format":"standard","meta":{"footnotes":""},"categories":[17],"tags":[],"class_list":["post-9772","post","type-post","status-publish","format-standard","has-post-thumbnail","hentry","category-outras-noticias"],"_links":{"self":[{"href":"https:\/\/tvc16.com\/portal\/wp-json\/wp\/v2\/posts\/9772","targetHints":{"allow":["GET"]}}],"collection":[{"href":"https:\/\/tvc16.com\/portal\/wp-json\/wp\/v2\/posts"}],"about":[{"href":"https:\/\/tvc16.com\/portal\/wp-json\/wp\/v2\/types\/post"}],"author":[{"embeddable":true,"href":"https:\/\/tvc16.com\/portal\/wp-json\/wp\/v2\/users\/2"}],"replies":[{"embeddable":true,"href":"https:\/\/tvc16.com\/portal\/wp-json\/wp\/v2\/comments?post=9772"}],"version-history":[{"count":1,"href":"https:\/\/tvc16.com\/portal\/wp-json\/wp\/v2\/posts\/9772\/revisions"}],"predecessor-version":[{"id":9774,"href":"https:\/\/tvc16.com\/portal\/wp-json\/wp\/v2\/posts\/9772\/revisions\/9774"}],"wp:featuredmedia":[{"embeddable":true,"href":"https:\/\/tvc16.com\/portal\/wp-json\/wp\/v2\/media\/9773"}],"wp:attachment":[{"href":"https:\/\/tvc16.com\/portal\/wp-json\/wp\/v2\/media?parent=9772"}],"wp:term":[{"taxonomy":"category","embeddable":true,"href":"https:\/\/tvc16.com\/portal\/wp-json\/wp\/v2\/categories?post=9772"},{"taxonomy":"post_tag","embeddable":true,"href":"https:\/\/tvc16.com\/portal\/wp-json\/wp\/v2\/tags?post=9772"}],"curies":[{"name":"wp","href":"https:\/\/api.w.org\/{rel}","templated":true}]}}