{"id":97722,"date":"2025-01-21T15:11:29","date_gmt":"2025-01-21T18:11:29","guid":{"rendered":"https:\/\/tvc16.com\/portal\/?p=97722"},"modified":"2025-01-21T15:11:32","modified_gmt":"2025-01-21T18:11:32","slug":"obra-emergencial-causa-interdicao-no-acesso-a-praca-de-correas","status":"publish","type":"post","link":"https:\/\/tvc16.com\/portal\/2025\/01\/21\/obra-emergencial-causa-interdicao-no-acesso-a-praca-de-correas\/","title":{"rendered":"Obra emergencial causa interdi\u00e7\u00e3o no acesso \u00e0 pra\u00e7a de Corr\u00eaas"},"content":{"rendered":"\n<p><em>Equipes da CPTrans atuam na reorganiza\u00e7\u00e3o do tr\u00e2nsito no trecho, que envolve ainda parte da Uni\u00e3o e Ind\u00fastria e no acesso ao bairro Castelo S\u00e3o Manoel<\/em><\/p>\n\n\n\n<p>No in\u00edcio da tarde desta ter\u00e7a-feira (21) o acesso \u00e0 pra\u00e7a de Correas precisou ser parcialmente interditado para que a concession\u00e1ria \u00c1guas do Imperador executasse uma obra emergencial de reparo na rede de abastecimento de \u00e1gua na regi\u00e3o. Equipes da Companhia Petropolitana de Tr\u00e2nsito e Transportes &#8211; CPTrans atuam na organiza\u00e7\u00e3o do tr\u00e2nsito na regi\u00e3o.<\/p>\n\n\n\n<p>&#8220;Para diluir o volume de carros nesse acesso \u00e0 Correas, tamb\u00e9m foi necess\u00e1ria a interven\u00e7\u00e3o em outros pontos, que envolvem as duas entradas do bairro Castelo S\u00e3o Manoel, na Estrada Uni\u00e3o e Ind\u00fastria&#8221;, destaca o presidente da CPTrans, Luciano Moreira.<\/p>\n\n\n\n<p>O motorista dos carros de passeio e os condutores de motocicletas, que segue sentido centro, v\u00e3o precisar acessar a Visconde Taunnay (primeiro acesso ao bairro Castelo S\u00e3o Manoel) e seguir na via at\u00e9 sa\u00edda na Estrada Uni\u00e3o e Ind\u00fastria.<\/p>\n\n\n\n<p>&#8220;O motorista que for acessar a pra\u00e7a de Correas segue de volta em dire\u00e7\u00e3o \u00e0 Itaipava na Estrada Uni\u00e3o e Ind\u00fastria e acessa a ponte. A partir da\u00ed acessa a rua Vig\u00e1rio Correa para chegar at\u00e9 a pra\u00e7a&#8221;, explica Luciano.<\/p>\n\n\n\n<p>Apenas ve\u00edculos pesados (\u00f4nibus, caminh\u00f5es e carretas) seguem o trajeto pela Estrada Uni\u00e3o e Ind\u00fastria e o acesso \u00e0 ponte de Corr\u00eaas normalmente. A previs\u00e3o \u00e9 de que o trabalho seja conclu\u00eddo at\u00e9 \u00e0s 16h30 desta ter\u00e7a-feira.<\/p>\n\n\n\n<p>&#8220;Na quinta-feira a outra etapa do servi\u00e7o ser\u00e1 executada e com isso a interdi\u00e7\u00e3o e o sistema bin\u00e1rio envolvendo a rua Visconde de Taunnay continuam at\u00e9 l\u00e1&#8221;, destaca o presidente da CPTrans.<\/p>\n\n\n\n<p>Foto: divulga\u00e7\u00e3o<\/p>\n","protected":false},"excerpt":{"rendered":"<p>Equipes da CPTrans atuam na reorganiza\u00e7\u00e3o do tr\u00e2nsito no trecho, que envolve ainda parte da<\/p>\n","protected":false},"author":2,"featured_media":97723,"comment_status":"open","ping_status":"open","sticky":false,"template":"","format":"standard","meta":{"footnotes":""},"categories":[12],"tags":[],"class_list":["post-97722","post","type-post","status-publish","format-standard","has-post-thumbnail","hentry","category-cidade"],"_links":{"self":[{"href":"https:\/\/tvc16.com\/portal\/wp-json\/wp\/v2\/posts\/97722","targetHints":{"allow":["GET"]}}],"collection":[{"href":"https:\/\/tvc16.com\/portal\/wp-json\/wp\/v2\/posts"}],"about":[{"href":"https:\/\/tvc16.com\/portal\/wp-json\/wp\/v2\/types\/post"}],"author":[{"embeddable":true,"href":"https:\/\/tvc16.com\/portal\/wp-json\/wp\/v2\/users\/2"}],"replies":[{"embeddable":true,"href":"https:\/\/tvc16.com\/portal\/wp-json\/wp\/v2\/comments?post=97722"}],"version-history":[{"count":1,"href":"https:\/\/tvc16.com\/portal\/wp-json\/wp\/v2\/posts\/97722\/revisions"}],"predecessor-version":[{"id":97724,"href":"https:\/\/tvc16.com\/portal\/wp-json\/wp\/v2\/posts\/97722\/revisions\/97724"}],"wp:featuredmedia":[{"embeddable":true,"href":"https:\/\/tvc16.com\/portal\/wp-json\/wp\/v2\/media\/97723"}],"wp:attachment":[{"href":"https:\/\/tvc16.com\/portal\/wp-json\/wp\/v2\/media?parent=97722"}],"wp:term":[{"taxonomy":"category","embeddable":true,"href":"https:\/\/tvc16.com\/portal\/wp-json\/wp\/v2\/categories?post=97722"},{"taxonomy":"post_tag","embeddable":true,"href":"https:\/\/tvc16.com\/portal\/wp-json\/wp\/v2\/tags?post=97722"}],"curies":[{"name":"wp","href":"https:\/\/api.w.org\/{rel}","templated":true}]}}