{"id":97738,"date":"2025-01-22T05:00:00","date_gmt":"2025-01-22T08:00:00","guid":{"rendered":"https:\/\/tvc16.com\/portal\/?p=97738"},"modified":"2025-01-21T17:55:18","modified_gmt":"2025-01-21T20:55:18","slug":"conselho-de-turismo-e-cultura-apresentam-novo-secretario-e-presidente-do-imc","status":"publish","type":"post","link":"https:\/\/tvc16.com\/portal\/2025\/01\/22\/conselho-de-turismo-e-cultura-apresentam-novo-secretario-e-presidente-do-imc\/","title":{"rendered":"Conselho de Turismo e Cultura apresentam novo secret\u00e1rio e presidente do IMC"},"content":{"rendered":"\n<p>Na noite de segunda-feira (20), o Conselho Municipal de Turismo &#8211; Comtur e o Conselho Municipal de Cultura &#8211; CMC, realizaram a primeira reuni\u00e3o de conselheiros da sociedade civil e do poder p\u00fablico de 2025. Os encontros serviram ainda para apresentar aos conselheiros o novo secret\u00e1rio de Turismo, Pablo Kling, e o presidente do Instituto Municipal de Cultura &#8211; IMC, Adenilson Honorato.<\/p>\n\n\n\n<p>\u201cOs conselhos s\u00e3o ferramentas importantes para o desenvolvimento de pol\u00edticas p\u00fablicas na cidade. Principalmente, por esse di\u00e1logo aberto com os diversos setores da sociedade civil. E o di\u00e1logo \u00e9 um dos pilares da nossa gest\u00e3o\u201d, afirmou o prefeito Hingo Hammes.<\/p>\n\n\n\n<p>A primeira reuni\u00e3o do Comtur foi na sede da Associa\u00e7\u00e3o Comercial e Empresarial de Petr\u00f3polis &#8211; ACEP. O encontro, que teve dura\u00e7\u00e3o de pouco mais de duas horas, reuniu representantes da sociedade civil e de secretarias municipais. O qu\u00f3rum foi formado por 25 entidades. Parte dos conselheiros acompanhou a reuni\u00e3o virtualmente, por meio de uma plataforma digital.<\/p>\n\n\n\n<p>Pablo Kling destacou a relev\u00e2ncia de revitalizar o turismo em Petr\u00f3polis e reposicionar a cidade como refer\u00eancia no cen\u00e1rio nacional. Entre as propostas apresentadas, a participa\u00e7\u00e3o em feiras, eventos promocionais e o fortalecimento da presen\u00e7a digital.<\/p>\n\n\n\n<p>\u201cN\u00e3o podemos mais pensar em mercados anal\u00f3gicos. Hoje percebemos nossa conex\u00e3o com o mundo apenas quando a internet falta. Estamos em uma nova era e devemos utilizar essas ferramentas para promover os atrativos tur\u00edsticos de Petr\u00f3polis em todos os segmentos\u201d, afirmou Kling.<\/p>\n\n\n\n<p>A pauta da reuni\u00e3o incluiu a presta\u00e7\u00e3o de contas do Fundo Municipal de Turismo &#8211; FUMTUR e a apresenta\u00e7\u00e3o do projeto \u201cInfluencer Week\u201d, um reality show interativo com influenciadores digitais do setor tur\u00edstico, idealizado por Marzio Fiorini, com possibilidade de realiza\u00e7\u00e3o em Petr\u00f3polis. Tamb\u00e9m foram abordados o monitoramento do Plano Diretor de Turismo e o \u201cCircuito Memorial Negra\u201d.<\/p>\n\n\n\n<p>Primeiro encontro dos conselheiros de cultura<\/p>\n\n\n\n<p>J\u00e1 no Centro de Cultura Raul de Leoni, os conselheiros da sociedade Civil foram apresentados aos novos conselheiros do poder p\u00fablico empossados durante o conselho e ao novo presidente do IMC. Adenilson Honorato destacou a import\u00e2ncia do di\u00e1logo entre os conselheiros para fortalecer a Cultura de Petr\u00f3polis, otimizando o uso dos recursos p\u00fablicos e a necessidade de preserva\u00e7\u00e3o e divulga\u00e7\u00e3o do patrim\u00f4nio cultural e art\u00edstico da cidade.<\/p>\n\n\n\n<p>\u201cUma das bandeiras da atual gest\u00e3o \u00e9 o patrim\u00f4nio de Petr\u00f3polis. As obras do Theatro Dom Pedro foram retomadas e a nossa expectativa \u00e9 de que, em breve, esse que \u00e9 o maior palco da classe art\u00edstica da cidade, seja entregue mais uma vez aos nossos talentos e tamb\u00e9m ao petropolitano\u201d, pontuou Adenilson.<\/p>\n\n\n\n<p>Durante o encontro foi discutida ainda a reorganiza\u00e7\u00e3o das comiss\u00f5es permanentes e transit\u00f3rias, al\u00e9m daquela que ficar\u00e1 respons\u00e1vel pela Pol\u00edtica Nacional Aldir Blanc &#8211; PNAB, programa de fomento \u00e0 cultura que visa apoiar os estados e munic\u00edpios. Tamb\u00e9m estiveram em debate a lei de incentivo \u00e0 cultura, o pr\u00eamio Guerra-Peixe e o Carnaval 2025.<\/p>\n\n\n\n<p>Foto: divulga\u00e7\u00e3o <\/p>\n","protected":false},"excerpt":{"rendered":"<p>Na noite de segunda-feira (20), o Conselho Municipal de Turismo &#8211; Comtur e o Conselho<\/p>\n","protected":false},"author":2,"featured_media":97739,"comment_status":"open","ping_status":"open","sticky":false,"template":"","format":"standard","meta":{"footnotes":""},"categories":[12],"tags":[],"class_list":["post-97738","post","type-post","status-publish","format-standard","has-post-thumbnail","hentry","category-cidade"],"_links":{"self":[{"href":"https:\/\/tvc16.com\/portal\/wp-json\/wp\/v2\/posts\/97738","targetHints":{"allow":["GET"]}}],"collection":[{"href":"https:\/\/tvc16.com\/portal\/wp-json\/wp\/v2\/posts"}],"about":[{"href":"https:\/\/tvc16.com\/portal\/wp-json\/wp\/v2\/types\/post"}],"author":[{"embeddable":true,"href":"https:\/\/tvc16.com\/portal\/wp-json\/wp\/v2\/users\/2"}],"replies":[{"embeddable":true,"href":"https:\/\/tvc16.com\/portal\/wp-json\/wp\/v2\/comments?post=97738"}],"version-history":[{"count":1,"href":"https:\/\/tvc16.com\/portal\/wp-json\/wp\/v2\/posts\/97738\/revisions"}],"predecessor-version":[{"id":97740,"href":"https:\/\/tvc16.com\/portal\/wp-json\/wp\/v2\/posts\/97738\/revisions\/97740"}],"wp:featuredmedia":[{"embeddable":true,"href":"https:\/\/tvc16.com\/portal\/wp-json\/wp\/v2\/media\/97739"}],"wp:attachment":[{"href":"https:\/\/tvc16.com\/portal\/wp-json\/wp\/v2\/media?parent=97738"}],"wp:term":[{"taxonomy":"category","embeddable":true,"href":"https:\/\/tvc16.com\/portal\/wp-json\/wp\/v2\/categories?post=97738"},{"taxonomy":"post_tag","embeddable":true,"href":"https:\/\/tvc16.com\/portal\/wp-json\/wp\/v2\/tags?post=97738"}],"curies":[{"name":"wp","href":"https:\/\/api.w.org\/{rel}","templated":true}]}}