{"id":97753,"date":"2025-01-22T08:17:59","date_gmt":"2025-01-22T11:17:59","guid":{"rendered":"https:\/\/tvc16.com\/portal\/?p=97753"},"modified":"2025-01-22T08:18:02","modified_gmt":"2025-01-22T11:18:02","slug":"tiktok-remove-video-fake-de-haddad-apos-notificacao-da-agu","status":"publish","type":"post","link":"https:\/\/tvc16.com\/portal\/2025\/01\/22\/tiktok-remove-video-fake-de-haddad-apos-notificacao-da-agu\/","title":{"rendered":"TikTok remove v\u00eddeo fake de Haddad ap\u00f3s notifica\u00e7\u00e3o da AGU"},"content":{"rendered":"\n<p><em>Conte\u00fado foi apagado na manh\u00e3 desta ter\u00e7a-feira<\/em><\/p>\n\n\n\n<p>Por Wellton M\u00e1ximo &#8211; Rep\u00f3rter da Ag\u00eancia Brasil <\/p>\n\n\n\n<p><\/p>\n\n\n\n<p>Menos de 24 horas ap\u00f3s notifica\u00e7\u00e3o da Advocacia-Geral da Uni\u00e3o (AGU), a rede social TikTok removeu um v\u00eddeo manipulado por intelig\u00eancia artificial que simulava o ministro da Fazenda, Fernando Haddad, fazendo&nbsp;declara\u00e7\u00f5es falsas sobre \u201ctaxa\u00e7\u00e3o de pobres\u201d e \u201cimpostos do cachorrinho de estima\u00e7\u00e3o&#8221;. A plataforma retirou o conte\u00fado na manh\u00e3 desta ter\u00e7a-feira (21).<img decoding=\"async\" src=\"https:\/\/agenciabrasil.ebc.com.br\/ebc.png?id=1627411&amp;o=node\"><img decoding=\"async\" src=\"https:\/\/agenciabrasil.ebc.com.br\/ebc.gif?id=1627411&amp;o=node\"><\/p>\n\n\n\n<p>No in\u00edcio da noite desta segunda (20), a AGU notificou o TikTok. Segundo o texto do pedido, a postagem incorre em desinforma\u00e7\u00e3o, ao ser produzida com intelig\u00eancia artificial, mostra fato n\u00e3o condizente com a realidade e busca confundir a popula\u00e7\u00e3o. Essa foi a segunda vez que o mesmo usu\u00e1rio postou&nbsp;o conte\u00fado, retirado do ar anteriormente.<\/p>\n\n\n\n<p>Feito com base em uma entrevista do ministro na portaria, o v\u00eddeo retrata Haddad dizendo que \u201cvai taxar tudo\u201d, que \u201cimposto e Big Brother s\u00e3o paix\u00f5es nacionais\u201d e que \u201cteremos impostos do cachorrinho de estima\u00e7\u00e3o\u201d. As falas do ministro foram adulteradas com base na tecnologia de&nbsp;<em>deepfake<\/em>, que sobrep\u00f5e a voz e os movimentos dos l\u00e1bios por meio de intelig\u00eancia artificial.<\/p>\n\n\n\n<p>Conforme a notifica\u00e7\u00e3o, o v\u00eddeo falso viola o direito a informa\u00e7\u00e3o, garantido pela Constitui\u00e7\u00e3o, ao disseminar declara\u00e7\u00f5es falsas. A AGU classificou o conte\u00fado como \u201cevidente abuso de direito\u201d, porque \u201cextrapola os limites da liberdade de express\u00e3o\u201d. O pedido tamb\u00e9m destacou que os termos de uso do pr\u00f3prio TikTok pro\u00edbe a \u201cdesinforma\u00e7\u00e3o\u201d e \u201cm\u00eddias editadas e conte\u00fado gerado por intelig\u00eancia artificial\u201d.<\/p>\n\n\n\n<p>O v\u00eddeo havia circulado h\u00e1 duas semanas e tinha sido&nbsp;<a href=\"https:\/\/agenciabrasil.ebc.com.br\/politica\/noticia\/2025-01\/haddad-desmente-imposto-sobre-pet-e-pix-apos-video\" target=\"_blank\" rel=\"noreferrer noopener\">desmentido pelo pr\u00f3prio ministro<\/a>. No \u00faltimo dia 10, a Meta, empresa dona do Facebook,&nbsp;<a href=\"https:\/\/agenciabrasil.ebc.com.br\/geral\/noticia\/2025-01\/meta-remove-video-falso-de-haddad-apos-notificacao-da-agu\" target=\"_blank\" rel=\"noreferrer noopener\">removeu o conte\u00fado<\/a>&nbsp;ap\u00f3s notifica\u00e7\u00e3o da AGU.<\/p>\n\n\n\n<p>A pedido do Minist\u00e9rio da Fazenda, a Pol\u00edcia Federal analisa a abertura de inqu\u00e9rito para investigar a autoria do v\u00eddeo. Outras frases falsas atribu\u00eddas ao ministro na filmagem adulterada s\u00e3o \u201c\u00e9 justo imposto pr\u00e9-natal: ficou gr\u00e1vida, j\u00e1 tem que come\u00e7ar a pagar imposto para o hospital\u201d, \u201c[vamos instituir o] imposto das bets: se perdeu, o preju\u00edzo \u00e9 seu; se ganhar, o lucro \u00e9 nosso\u201d e \u201cbrasileiro gosta de um imposto novo\u201d.<\/p>\n","protected":false},"excerpt":{"rendered":"<p>Conte\u00fado foi apagado na manh\u00e3 desta ter\u00e7a-feira Por Wellton M\u00e1ximo &#8211; Rep\u00f3rter da Ag\u00eancia Brasil<\/p>\n","protected":false},"author":2,"featured_media":97754,"comment_status":"open","ping_status":"open","sticky":false,"template":"","format":"standard","meta":{"footnotes":""},"categories":[17],"tags":[],"class_list":["post-97753","post","type-post","status-publish","format-standard","has-post-thumbnail","hentry","category-outras-noticias"],"_links":{"self":[{"href":"https:\/\/tvc16.com\/portal\/wp-json\/wp\/v2\/posts\/97753","targetHints":{"allow":["GET"]}}],"collection":[{"href":"https:\/\/tvc16.com\/portal\/wp-json\/wp\/v2\/posts"}],"about":[{"href":"https:\/\/tvc16.com\/portal\/wp-json\/wp\/v2\/types\/post"}],"author":[{"embeddable":true,"href":"https:\/\/tvc16.com\/portal\/wp-json\/wp\/v2\/users\/2"}],"replies":[{"embeddable":true,"href":"https:\/\/tvc16.com\/portal\/wp-json\/wp\/v2\/comments?post=97753"}],"version-history":[{"count":1,"href":"https:\/\/tvc16.com\/portal\/wp-json\/wp\/v2\/posts\/97753\/revisions"}],"predecessor-version":[{"id":97755,"href":"https:\/\/tvc16.com\/portal\/wp-json\/wp\/v2\/posts\/97753\/revisions\/97755"}],"wp:featuredmedia":[{"embeddable":true,"href":"https:\/\/tvc16.com\/portal\/wp-json\/wp\/v2\/media\/97754"}],"wp:attachment":[{"href":"https:\/\/tvc16.com\/portal\/wp-json\/wp\/v2\/media?parent=97753"}],"wp:term":[{"taxonomy":"category","embeddable":true,"href":"https:\/\/tvc16.com\/portal\/wp-json\/wp\/v2\/categories?post=97753"},{"taxonomy":"post_tag","embeddable":true,"href":"https:\/\/tvc16.com\/portal\/wp-json\/wp\/v2\/tags?post=97753"}],"curies":[{"name":"wp","href":"https:\/\/api.w.org\/{rel}","templated":true}]}}