{"id":97765,"date":"2025-01-23T06:00:00","date_gmt":"2025-01-23T09:00:00","guid":{"rendered":"https:\/\/tvc16.com\/portal\/?p=97765"},"modified":"2025-01-22T08:25:55","modified_gmt":"2025-01-22T11:25:55","slug":"segundo-semestre-de-2024-foi-melhor-para-a-industria-aponta-pesquisa","status":"publish","type":"post","link":"https:\/\/tvc16.com\/portal\/2025\/01\/23\/segundo-semestre-de-2024-foi-melhor-para-a-industria-aponta-pesquisa\/","title":{"rendered":"Segundo semestre de 2024 foi melhor para a ind\u00fastria, aponta pesquisa"},"content":{"rendered":"\n<p><em>Dados da Fiesp indicam que maioria n\u00e3o pretende contratar em 2025<\/em><\/p>\n\n\n\n<p>Por Fl\u00e1via Albuquerque \u2013 Rep\u00f3rter da Ag\u00eancia Brasil \/ Foto: Arquivo: Ag\u00eancia Brasil<\/p>\n\n\n\n<p><\/p>\n\n\n\n<p>Um levantamento feito pela Federa\u00e7\u00e3o das Ind\u00fastrias do Estado de S\u00e3o Paulo (Fiesp) indicou que 45,2% das 290 ind\u00fastrias pesquisadas consideraram que o segundo semestre de 2024 foi melhor em compara\u00e7\u00e3o ao mesmo per\u00edodo do ano anterior. Outras 27,9% afirmaram que a situa\u00e7\u00e3o n\u00e3o mudou e 26,9% apontaram uma piora.<img decoding=\"async\" src=\"https:\/\/agenciabrasil.ebc.com.br\/ebc.png?id=1627397&amp;o=node\"><img decoding=\"async\" src=\"https:\/\/agenciabrasil.ebc.com.br\/ebc.gif?id=1627397&amp;o=node\"><\/p>\n\n\n\n<p>Segundo os dados, o volume de produ\u00e7\u00e3o no segundo semestre foi considerado melhor por 44,1% das empresas. Para 28,1% foi igual e para 27,8%, pior. Para 44,2% as vendas no mercado interno tiveram eleva\u00e7\u00e3o, enquanto para 26,4% ca\u00edram e para 29,5% foram iguais. Para 53,7% as exporta\u00e7\u00f5es se mantiveram no mesmo patamar. As vendas no mercado externo melhoraram para 24,8% e pioraram para 21,5%.<\/p>\n\n\n\n<p>A pesquisa \u201cRumos da Ind\u00fastria Paulista\u201d, mostra ainda que para o primeiro semestre de 2025, as ind\u00fastrias paulistas esperam estabilidade em rela\u00e7\u00e3o ao volume de produ\u00e7\u00e3o (45,3%), \u00e0s vendas ao mercado interno (44,1%) e \u00e0s exporta\u00e7\u00f5es (53,7%). Quando questionadas se pretendem contratar em 2025, 65,2% dizem que n\u00e3o e 34,8% que sim.<\/p>\n\n\n\n<p>A pesquisa foi realizada entre 02 e 18 de dezembro de 2024 e envolveu 290 ind\u00fastrias de transforma\u00e7\u00e3o de todos os portes, situadas no estado de S\u00e3o Paulo.<br><\/p>\n","protected":false},"excerpt":{"rendered":"<p>Dados da Fiesp indicam que maioria n\u00e3o pretende contratar em 2025 Por Fl\u00e1via Albuquerque \u2013<\/p>\n","protected":false},"author":2,"featured_media":97766,"comment_status":"open","ping_status":"open","sticky":false,"template":"","format":"standard","meta":{"footnotes":""},"categories":[17],"tags":[],"class_list":["post-97765","post","type-post","status-publish","format-standard","has-post-thumbnail","hentry","category-outras-noticias"],"_links":{"self":[{"href":"https:\/\/tvc16.com\/portal\/wp-json\/wp\/v2\/posts\/97765","targetHints":{"allow":["GET"]}}],"collection":[{"href":"https:\/\/tvc16.com\/portal\/wp-json\/wp\/v2\/posts"}],"about":[{"href":"https:\/\/tvc16.com\/portal\/wp-json\/wp\/v2\/types\/post"}],"author":[{"embeddable":true,"href":"https:\/\/tvc16.com\/portal\/wp-json\/wp\/v2\/users\/2"}],"replies":[{"embeddable":true,"href":"https:\/\/tvc16.com\/portal\/wp-json\/wp\/v2\/comments?post=97765"}],"version-history":[{"count":1,"href":"https:\/\/tvc16.com\/portal\/wp-json\/wp\/v2\/posts\/97765\/revisions"}],"predecessor-version":[{"id":97767,"href":"https:\/\/tvc16.com\/portal\/wp-json\/wp\/v2\/posts\/97765\/revisions\/97767"}],"wp:featuredmedia":[{"embeddable":true,"href":"https:\/\/tvc16.com\/portal\/wp-json\/wp\/v2\/media\/97766"}],"wp:attachment":[{"href":"https:\/\/tvc16.com\/portal\/wp-json\/wp\/v2\/media?parent=97765"}],"wp:term":[{"taxonomy":"category","embeddable":true,"href":"https:\/\/tvc16.com\/portal\/wp-json\/wp\/v2\/categories?post=97765"},{"taxonomy":"post_tag","embeddable":true,"href":"https:\/\/tvc16.com\/portal\/wp-json\/wp\/v2\/tags?post=97765"}],"curies":[{"name":"wp","href":"https:\/\/api.w.org\/{rel}","templated":true}]}}